{"id":9435,"date":"2015-03-24T11:35:48","date_gmt":"2015-03-24T09:35:48","guid":{"rendered":"http:\/\/www.offene-buehne-dresden.de\/?p=9435"},"modified":"2015-03-24T11:45:21","modified_gmt":"2015-03-24T09:45:21","slug":"fruehlingsbuehne","status":"publish","type":"post","link":"https:\/\/www.offene-buehne-dresden.de\/pl\/fruehlingsbuehne\/","title":{"rendered":"<p>Etap wiosenny<\/p>"},"content":{"rendered":"<p>Witajcie przyjaciele otwartej sceny,<p>W nast\u0119pn\u0105 niedziel\u0119 znowu jest czas, telewizory s\u0105 wy\u0142\u0105czone, idziesz na scen\u0119!<\/p><p>Serdecznie zapraszamy do domu powiatowego Drezno-Neustadt w niedziel\u0119 29 marca o godzinie 20.00.<\/p><p>Przyjd\u017a i przyprowad\u017a przyjaci\u00f3\u0142 i znajomych!<\/p><p>&gt;&gt; id\u017a &gt;&gt; pos\u0142uchaj &gt;&gt; do\u0142\u0105cz do nas<\/p><p>S\u0142oneczne pozdrowienia <\/p><p>Stefan C, Patu, Marc, Rajko i Vivian<\/p><\/p>","protected":false},"excerpt":{"rendered":"<p>Hallo Freundinnen und Freunde der Offenen B&uuml;hne, am kommenden Sonntag ist es wieder soweit, die Fernsehger&auml;te bleiben aus, man geht&hellip;<\/p>","protected":false},"author":3,"featured_media":9436,"comment_status":"closed","ping_status":"closed","sticky":false,"template":"","format":"standard","meta":{"ngg_post_thumbnail":0,"_jetpack_memberships_contains_paid_content":false,"wds_primary_category":0,"footnotes":""},"categories":[74],"tags":[],"class_list":["post-9435","post","type-post","status-publish","format-standard","has-post-thumbnail","hentry","category-maerz-2015","wpcat-74-id"],"jetpack_featured_media_url":"https:\/\/i0.wp.com\/www.offene-buehne-dresden.de\/wp-content\/uploads\/2015\/03\/offene-buehne-dresden-maerz-2015.jpg?fit=900%2C1273&ssl=1","jetpack_sharing_enabled":true,"_links":{"self":[{"href":"https:\/\/www.offene-buehne-dresden.de\/pl\/wp-json\/wp\/v2\/posts\/9435","targetHints":{"allow":["GET"]}}],"collection":[{"href":"https:\/\/www.offene-buehne-dresden.de\/pl\/wp-json\/wp\/v2\/posts"}],"about":[{"href":"https:\/\/www.offene-buehne-dresden.de\/pl\/wp-json\/wp\/v2\/types\/post"}],"author":[{"embeddable":true,"href":"https:\/\/www.offene-buehne-dresden.de\/pl\/wp-json\/wp\/v2\/users\/3"}],"replies":[{"embeddable":true,"href":"https:\/\/www.offene-buehne-dresden.de\/pl\/wp-json\/wp\/v2\/comments?post=9435"}],"version-history":[{"count":2,"href":"https:\/\/www.offene-buehne-dresden.de\/pl\/wp-json\/wp\/v2\/posts\/9435\/revisions"}],"predecessor-version":[{"id":9438,"href":"https:\/\/www.offene-buehne-dresden.de\/pl\/wp-json\/wp\/v2\/posts\/9435\/revisions\/9438"}],"wp:featuredmedia":[{"embeddable":true,"href":"https:\/\/www.offene-buehne-dresden.de\/pl\/wp-json\/wp\/v2\/media\/9436"}],"wp:attachment":[{"href":"https:\/\/www.offene-buehne-dresden.de\/pl\/wp-json\/wp\/v2\/media?parent=9435"}],"wp:term":[{"taxonomy":"category","embeddable":true,"href":"https:\/\/www.offene-buehne-dresden.de\/pl\/wp-json\/wp\/v2\/categories?post=9435"},{"taxonomy":"post_tag","embeddable":true,"href":"https:\/\/www.offene-buehne-dresden.de\/pl\/wp-json\/wp\/v2\/tags?post=9435"}],"curies":[{"name":"wp","href":"https:\/\/api.w.org\/{rel}","templated":true}]}}