{"id":932,"date":"2011-11-22T19:49:00","date_gmt":"2011-11-22T18:49:00","guid":{"rendered":"http:\/\/www.offene-buehne-dresden.de\/?p=932"},"modified":"2019-08-17T19:09:19","modified_gmt":"2019-08-17T18:09:19","slug":"erster-und-letzter","status":"publish","type":"post","link":"https:\/\/www.offene-buehne-dresden.de\/pl\/erster-und-letzter\/","title":{"rendered":"<p>Pierwszy i ostatni<\/p>"},"content":{"rendered":"<p>Witajcie drodzy ludzie i sk\u0142onni czytelnicy,<p>Pierwsza niedziela Adwentu jest r\u00f3wnie\u017c ostatni\u0105 niedziel\u0105 listopada, co wskazuje nam mi\u0119dzy innymi, \u017ce - wyra\u017anie - w najbli\u017csz\u0105 niedziel\u0119 Scena Otwarta ponownie przejdzie przez scen\u0119 B\u0142\u0119kitnej Fabryki (lub te\u017c rzyga\u0107 lub spacerowa\u0107). Z niecierpliwo\u015bci\u0105 czekamy na niekt\u00f3rych, kt\u00f3rzy jeszcze z nami nie byli i s\u0105 ciekawi, co kryje si\u0119 za np. \u201eCousCous\u201d, \u201eNoKingNoCrown\u201d lub \u201eMillionsschulze\u201d. Sprawdzeni przyjaciele sceniczni s\u0105 jednak r\u00f3wnie\u017c niekt\u00f3rymi z nich, a zakres ponownie si\u0119ga od czystej literatury po nieoczekiwan\u0105 gitar\u0119 o ma\u0142ym stylu.<\/p><p>Dobrze i jako\u015b \u017ale, \u017ce sam program jest ju\u017c pe\u0142ny lub \u017cadne rezerwacje nie s\u0105 ju\u017c mo\u017cliwe. To, czy wiecz\u00f3r pozostawia miejsce na spontaniczno\u015b\u0107, pozostaje do zobaczenia.<\/p><p>O tak, , First i Last s\u0105 tylko kalendarzem na Open Stage, spo\u0142ecze\u0144stwo konkursowe ma tutaj przerw\u0119.<\/p><p>Do niedzieli pi\u0119kne dni<br>\nStephen B. (ang.).<\/p><\/p>","protected":false},"excerpt":{"rendered":"<p>Hallo liebe Leute und geneigte Leser, der erste So. des Adventes ist ja gleichzeitig der letzte So. des Novembers, was&hellip;<\/p>","protected":false},"author":11,"featured_media":0,"comment_status":"closed","ping_status":"closed","sticky":false,"template":"","format":"standard","meta":{"ngg_post_thumbnail":0,"_jetpack_memberships_contains_paid_content":false,"wds_primary_category":0,"footnotes":""},"categories":[1],"tags":[],"class_list":["post-932","post","type-post","status-publish","format-standard","hentry","category-allgemein","wpcat-1-id"],"jetpack_featured_media_url":"","jetpack_sharing_enabled":true,"_links":{"self":[{"href":"https:\/\/www.offene-buehne-dresden.de\/pl\/wp-json\/wp\/v2\/posts\/932","targetHints":{"allow":["GET"]}}],"collection":[{"href":"https:\/\/www.offene-buehne-dresden.de\/pl\/wp-json\/wp\/v2\/posts"}],"about":[{"href":"https:\/\/www.offene-buehne-dresden.de\/pl\/wp-json\/wp\/v2\/types\/post"}],"author":[{"embeddable":true,"href":"https:\/\/www.offene-buehne-dresden.de\/pl\/wp-json\/wp\/v2\/users\/11"}],"replies":[{"embeddable":true,"href":"https:\/\/www.offene-buehne-dresden.de\/pl\/wp-json\/wp\/v2\/comments?post=932"}],"version-history":[{"count":1,"href":"https:\/\/www.offene-buehne-dresden.de\/pl\/wp-json\/wp\/v2\/posts\/932\/revisions"}],"predecessor-version":[{"id":5907,"href":"https:\/\/www.offene-buehne-dresden.de\/pl\/wp-json\/wp\/v2\/posts\/932\/revisions\/5907"}],"wp:attachment":[{"href":"https:\/\/www.offene-buehne-dresden.de\/pl\/wp-json\/wp\/v2\/media?parent=932"}],"wp:term":[{"taxonomy":"category","embeddable":true,"href":"https:\/\/www.offene-buehne-dresden.de\/pl\/wp-json\/wp\/v2\/categories?post=932"},{"taxonomy":"post_tag","embeddable":true,"href":"https:\/\/www.offene-buehne-dresden.de\/pl\/wp-json\/wp\/v2\/tags?post=932"}],"curies":[{"name":"wp","href":"https:\/\/api.w.org\/{rel}","templated":true}]}}