{"id":16091,"date":"2025-12-30T13:15:38","date_gmt":"2025-12-30T12:15:38","guid":{"rendered":"https:\/\/www.offene-buehne-dresden.de\/?p=16091"},"modified":"2026-04-28T01:17:45","modified_gmt":"2026-04-27T23:17:45","slug":"dezember-2025","status":"publish","type":"post","link":"https:\/\/www.offene-buehne-dresden.de\/pl\/dezember-2025\/","title":{"rendered":"<p>grudzie\u0144 2025 r.<\/p>"},"content":{"rendered":"<p>Nawet mi\u0119dzy Bo\u017cym Narodzeniem a Nowym Rokiem jest miejsce na otwart\u0105 scen\u0119.<ul>\n<li><span class=\"x193iq5w xeuugli x13faqbe x1vvkbs x1xmvt09 x1lliihq x1s928wv xhkezso x1gmr53x x1cpjm7i x1fgarty x1943h6x xudqn12 x3x7a5m x1f6kntn xvq8zen xo1l8bm xzsf02u\" dir=\"auto\">Clay (Deus Cult) wr\u0119czy\u0142 jagni\u0119ciu ofiarnemu audycj\u0119 radiow\u0105 w 1972 r.<\/span><\/li>\n<li><span class=\"x193iq5w xeuugli x13faqbe x1vvkbs x1xmvt09 x1lliihq x1s928wv xhkezso x1gmr53x x1cpjm7i x1fgarty x1943h6x xudqn12 x3x7a5m x1f6kntn xvq8zen xo1l8bm xzsf02u\" dir=\"auto\">Vitja (Iamvitja) zagra\u0142a nam \u201ePami\u0119tam gwiazdy\u201d i \u201eSherlock\u201d<\/span><\/li>\n<li><span class=\"x193iq5w xeuugli x13faqbe x1vvkbs x1xmvt09 x1lliihq x1s928wv xhkezso x1gmr53x x1cpjm7i x1fgarty x1943h6x xudqn12 x3x7a5m x1f6kntn xvq8zen xo1l8bm xzsf02u\" dir=\"auto\">Justine zajmowa\u0142a si\u0119 m\u0119\u017cczyznami i zakupami<\/span><\/li>\n<li><span class=\"x193iq5w xeuugli x13faqbe x1vvkbs x1xmvt09 x1lliihq x1s928wv xhkezso x1gmr53x x1cpjm7i x1fgarty x1943h6x xudqn12 x3x7a5m x1f6kntn xvq8zen xo1l8bm xzsf02u\" dir=\"auto\">Moritz przyjecha\u0142 z Alp i pokaza\u0142 improwizacj\u0119 na fortepianie.<\/span><\/li>\n<li><span class=\"x193iq5w xeuugli x13faqbe x1vvkbs x1xmvt09 x1lliihq x1s928wv xhkezso x1gmr53x x1cpjm7i x1fgarty x1943h6x xudqn12 x3x7a5m x1f6kntn xvq8zen xo1l8bm xzsf02u\" dir=\"auto\">Olli czyta wiersze o lecie<\/span><\/li>\n<li>\n<div class=\"xyinxu5 xyri2b x1g2khh7 x1c1uobl\"><span class=\"x193iq5w xeuugli x13faqbe x1vvkbs x1xmvt09 x1lliihq x1s928wv xhkezso x1gmr53x x1cpjm7i x1fgarty x1943h6x xudqn12 x3x7a5m x1f6kntn xvq8zen xo1l8bm xzsf02u\" dir=\"auto\">Anja (tanzanju) pokaza\u0142 nam Pizzica<\/span><\/div>\n<\/li>\n<li>\n<div class=\"xyinxu5 xyri2b x1g2khh7 x1c1uobl\">Mustafa zagra\u0142 nam ok\u0142adk\u0119 utworu Metalliki \u201eMama said\u201d<\/div>\n<\/li>\n<li>\n<div class=\"xyinxu5 xyri2b x1g2khh7 x1c1uobl\">Alex czyta\u0142 swoj\u0105 powie\u015b\u0107 o ojcach.<\/div>\n<\/li>\n<li>\n<div class=\"xyinxu5 xyri2b x1g2khh7 x1c1uobl\">Anke czyta\u0142a i ta\u0144czy\u0142a o procesie pisania<\/div>\n<\/li>\n<li>\n<div class=\"xyinxu5 xyri2b x1g2khh7 x1c1uobl\">Marius Rehwalt przeczyta\u0142 tekst o mi\u0142o\u015bci, przyja\u017ani i zombie!<\/div>\n<\/li>\n<\/ul><p>\nngg_shortcode_0_placeholder\n<\/p><\/p>","protected":false},"excerpt":{"rendered":"<p>Auch zwischen Weihnachten und Neujahr ist Platz f&uuml;r eine Offene B&uuml;hne. Von Clay (Deus Cult) gab&rsquo;s das Opferlamm mit einem&hellip;<\/p>","protected":false},"author":11,"featured_media":16168,"comment_status":"closed","ping_status":"closed","sticky":false,"template":"","format":"standard","meta":{"ngg_post_thumbnail":0,"_jetpack_memberships_contains_paid_content":false,"wds_primary_category":0,"footnotes":""},"categories":[185],"tags":[],"class_list":["post-16091","post","type-post","status-publish","format-standard","has-post-thumbnail","hentry","category-dezember-2025","wpcat-185-id"],"jetpack_featured_media_url":"https:\/\/i0.wp.com\/www.offene-buehne-dresden.de\/wp-content\/uploads\/2026\/04\/signal-2025-01-25-153412_002.jpeg?fit=1275%2C847&ssl=1","jetpack_sharing_enabled":true,"_links":{"self":[{"href":"https:\/\/www.offene-buehne-dresden.de\/pl\/wp-json\/wp\/v2\/posts\/16091","targetHints":{"allow":["GET"]}}],"collection":[{"href":"https:\/\/www.offene-buehne-dresden.de\/pl\/wp-json\/wp\/v2\/posts"}],"about":[{"href":"https:\/\/www.offene-buehne-dresden.de\/pl\/wp-json\/wp\/v2\/types\/post"}],"author":[{"embeddable":true,"href":"https:\/\/www.offene-buehne-dresden.de\/pl\/wp-json\/wp\/v2\/users\/11"}],"replies":[{"embeddable":true,"href":"https:\/\/www.offene-buehne-dresden.de\/pl\/wp-json\/wp\/v2\/comments?post=16091"}],"version-history":[{"count":6,"href":"https:\/\/www.offene-buehne-dresden.de\/pl\/wp-json\/wp\/v2\/posts\/16091\/revisions"}],"predecessor-version":[{"id":16173,"href":"https:\/\/www.offene-buehne-dresden.de\/pl\/wp-json\/wp\/v2\/posts\/16091\/revisions\/16173"}],"wp:featuredmedia":[{"embeddable":true,"href":"https:\/\/www.offene-buehne-dresden.de\/pl\/wp-json\/wp\/v2\/media\/16168"}],"wp:attachment":[{"href":"https:\/\/www.offene-buehne-dresden.de\/pl\/wp-json\/wp\/v2\/media?parent=16091"}],"wp:term":[{"taxonomy":"category","embeddable":true,"href":"https:\/\/www.offene-buehne-dresden.de\/pl\/wp-json\/wp\/v2\/categories?post=16091"},{"taxonomy":"post_tag","embeddable":true,"href":"https:\/\/www.offene-buehne-dresden.de\/pl\/wp-json\/wp\/v2\/tags?post=16091"}],"curies":[{"name":"wp","href":"https:\/\/api.w.org\/{rel}","templated":true}]}}