{"id":1369,"date":"2013-06-26T09:39:18","date_gmt":"2013-06-26T07:39:18","guid":{"rendered":"http:\/\/www.offene-buehne-dresden.de\/?p=1369"},"modified":"2014-08-16T09:41:00","modified_gmt":"2014-08-16T07:41:00","slug":"immer-wieder-sonntags-in-der-blauen-fabrik","status":"publish","type":"post","link":"https:\/\/www.offene-buehne-dresden.de\/pl\/immer-wieder-sonntags-in-der-blauen-fabrik\/","title":{"rendered":"<p>Raz po raz w niedziele, w B\u0142\u0119kitnej Fabryce!<\/p>"},"content":{"rendered":"<p>Witajcie drodzy przyjaciele otwartej sceny,<p>Jak na koniec ka\u017cdego miesi\u0105ca, mamy dla Was bardzo du\u017co. Tym razem z opask\u0105 <a title=\"Zesp\u00f3\u0142 TEENETUS\" href=\"https:\/\/de-de.facebook.com\/TEENETUS\">TEENETUS<\/a>, za kt\u00f3rego wyst\u0119p mo\u017cemy da\u0107 przedsmak tutaj!<\/p><p><iframe loading=\"lazy\" src=\"http:\/\/www.youtube.com\/embed\/tjcHud1TqYQ\" width=\"500\" height=\"315\" frameborder=\"0\" allowfullscreen=\"allowfullscreen\"><\/iframe><\/p><p>Ponadto, jak zawsze, mamy do zaoferowania szerok\u0105 gam\u0119 sztuki tekstowej i muzycznej. Czekamy na Ciebie!<\/p><p>Stefan C, Patu, Felix, Marc, Georg i OB<\/p><\/p>","protected":false},"excerpt":{"rendered":"<p>Hallo liebe Freunde der Offenen B&uuml;hne, wie am Ende eines (fast) jeden Monats, haben wir wieder einiges mit euch vor&hellip;.<\/p>","protected":false},"author":3,"featured_media":6043,"comment_status":"closed","ping_status":"closed","sticky":false,"template":"","format":"standard","meta":{"ngg_post_thumbnail":0,"_jetpack_memberships_contains_paid_content":false,"wds_primary_category":0,"footnotes":""},"categories":[1],"tags":[53],"class_list":["post-1369","post","type-post","status-publish","format-standard","has-post-thumbnail","hentry","category-allgemein","tag-teenetus","wpcat-1-id"],"jetpack_featured_media_url":"https:\/\/i0.wp.com\/www.offene-buehne-dresden.de\/wp-content\/uploads\/ngg_featured\/100_4412-scaled.jpg?fit=2560%2C1705&ssl=1","jetpack_sharing_enabled":true,"_links":{"self":[{"href":"https:\/\/www.offene-buehne-dresden.de\/pl\/wp-json\/wp\/v2\/posts\/1369","targetHints":{"allow":["GET"]}}],"collection":[{"href":"https:\/\/www.offene-buehne-dresden.de\/pl\/wp-json\/wp\/v2\/posts"}],"about":[{"href":"https:\/\/www.offene-buehne-dresden.de\/pl\/wp-json\/wp\/v2\/types\/post"}],"author":[{"embeddable":true,"href":"https:\/\/www.offene-buehne-dresden.de\/pl\/wp-json\/wp\/v2\/users\/3"}],"replies":[{"embeddable":true,"href":"https:\/\/www.offene-buehne-dresden.de\/pl\/wp-json\/wp\/v2\/comments?post=1369"}],"version-history":[{"count":2,"href":"https:\/\/www.offene-buehne-dresden.de\/pl\/wp-json\/wp\/v2\/posts\/1369\/revisions"}],"predecessor-version":[{"id":6044,"href":"https:\/\/www.offene-buehne-dresden.de\/pl\/wp-json\/wp\/v2\/posts\/1369\/revisions\/6044"}],"wp:featuredmedia":[{"embeddable":true,"href":"https:\/\/www.offene-buehne-dresden.de\/pl\/wp-json\/wp\/v2\/media\/6043"}],"wp:attachment":[{"href":"https:\/\/www.offene-buehne-dresden.de\/pl\/wp-json\/wp\/v2\/media?parent=1369"}],"wp:term":[{"taxonomy":"category","embeddable":true,"href":"https:\/\/www.offene-buehne-dresden.de\/pl\/wp-json\/wp\/v2\/categories?post=1369"},{"taxonomy":"post_tag","embeddable":true,"href":"https:\/\/www.offene-buehne-dresden.de\/pl\/wp-json\/wp\/v2\/tags?post=1369"}],"curies":[{"name":"wp","href":"https:\/\/api.w.org\/{rel}","templated":true}]}}