{"id":1325,"date":"2013-05-20T17:19:41","date_gmt":"2013-05-20T15:19:41","guid":{"rendered":"http:\/\/www.offene-buehne-dresden.de\/?p=1325"},"modified":"2014-08-16T09:42:14","modified_gmt":"2014-08-16T07:42:14","slug":"die-maibuhne-nahert-sich-mit-hoher-geschwindigkeit","status":"publish","type":"post","link":"https:\/\/www.offene-buehne-dresden.de\/pl\/die-maibuhne-nahert-sich-mit-hoher-geschwindigkeit\/","title":{"rendered":"<p>Maib\u00fchne zbli\u017ca si\u0119 z du\u017c\u0105 pr\u0119dko\u015bci\u0105.<\/p>"},"content":{"rendered":"<p>Witajcie drodzy ludzie,<p>Nied\u0142ugo wr\u00f3ci! Zbli\u017ca si\u0119 Maib\u00fchne z du\u017c\u0105 pr\u0119dko\u015bci\u0105, tym razem z pasmem ramowym \u201ePalmstr\u00f6m\u201d. Wci\u0105\u017c dost\u0119pnych jest bardzo niewiele miejsc, by\u0107 mo\u017ce na spontaniczne wyst\u0119py. I, jak zawsze, nasza scena pozostaje otwarta na muzyk\u0119, poezj\u0119 i r\u00f3\u017cne mo\u017cliwo\u015bci kabaretu?<\/p><p>Stefan C, Patu, Felix, Marc, Georg i OB<\/p><\/p>","protected":false},"excerpt":{"rendered":"<p>Hallo liebe Leute, es ist bald wieder soweit! Die Maib&uuml;hne n&auml;hert sich mit hoher Geschwindigkeit, diesmal mit der Rahmenband &bdquo;Palmstr&ouml;m&ldquo;&hellip;.<\/p>","protected":false},"author":3,"featured_media":6048,"comment_status":"closed","ping_status":"closed","sticky":false,"template":"","format":"standard","meta":{"ngg_post_thumbnail":0,"_jetpack_memberships_contains_paid_content":false,"wds_primary_category":0,"footnotes":""},"categories":[1],"tags":[],"class_list":["post-1325","post","type-post","status-publish","format-standard","has-post-thumbnail","hentry","category-allgemein","wpcat-1-id"],"jetpack_featured_media_url":"https:\/\/i0.wp.com\/www.offene-buehne-dresden.de\/wp-content\/uploads\/ngg_featured\/100_4439-scaled.jpg?fit=1705%2C2560&ssl=1","jetpack_sharing_enabled":true,"_links":{"self":[{"href":"https:\/\/www.offene-buehne-dresden.de\/pl\/wp-json\/wp\/v2\/posts\/1325","targetHints":{"allow":["GET"]}}],"collection":[{"href":"https:\/\/www.offene-buehne-dresden.de\/pl\/wp-json\/wp\/v2\/posts"}],"about":[{"href":"https:\/\/www.offene-buehne-dresden.de\/pl\/wp-json\/wp\/v2\/types\/post"}],"author":[{"embeddable":true,"href":"https:\/\/www.offene-buehne-dresden.de\/pl\/wp-json\/wp\/v2\/users\/3"}],"replies":[{"embeddable":true,"href":"https:\/\/www.offene-buehne-dresden.de\/pl\/wp-json\/wp\/v2\/comments?post=1325"}],"version-history":[{"count":1,"href":"https:\/\/www.offene-buehne-dresden.de\/pl\/wp-json\/wp\/v2\/posts\/1325\/revisions"}],"predecessor-version":[{"id":5857,"href":"https:\/\/www.offene-buehne-dresden.de\/pl\/wp-json\/wp\/v2\/posts\/1325\/revisions\/5857"}],"wp:featuredmedia":[{"embeddable":true,"href":"https:\/\/www.offene-buehne-dresden.de\/pl\/wp-json\/wp\/v2\/media\/6048"}],"wp:attachment":[{"href":"https:\/\/www.offene-buehne-dresden.de\/pl\/wp-json\/wp\/v2\/media?parent=1325"}],"wp:term":[{"taxonomy":"category","embeddable":true,"href":"https:\/\/www.offene-buehne-dresden.de\/pl\/wp-json\/wp\/v2\/categories?post=1325"},{"taxonomy":"post_tag","embeddable":true,"href":"https:\/\/www.offene-buehne-dresden.de\/pl\/wp-json\/wp\/v2\/tags?post=1325"}],"curies":[{"name":"wp","href":"https:\/\/api.w.org\/{rel}","templated":true}]}}