{"id":13161,"date":"2020-10-19T16:33:55","date_gmt":"2020-10-19T14:33:55","guid":{"rendered":"https:\/\/www.offene-buehne-dresden.de\/?p=13161"},"modified":"2020-10-19T16:33:55","modified_gmt":"2020-10-19T14:33:55","slug":"mit-abstand-start-in-die-neue-saison-im-september-2020","status":"publish","type":"post","link":"https:\/\/www.offene-buehne-dresden.de\/pl\/mit-abstand-start-in-die-neue-saison-im-september-2020\/","title":{"rendered":"<p>Zdecydowanie \u2013 pocz\u0105tek nowego sezonu we wrze\u015bniu 2020 r.<\/p>"},"content":{"rendered":"<div class=\"\" dir=\"auto\">\n<div id=\"jsc_c_62\" class=\"ecm0bbzt hv4rvrfc ihqw7lf3 dati1w0a\" data-ad-comet-preview=\"message\" data-ad-preview=\"message\">\n<div class=\"j83agx80 cbu4d94t ew0dbk1b irj2b8pg\">\n<div class=\"qzhwtbm6 knvmm38d\">\n<div class=\"kvgmc6g5 cxmmr5t8 oygrvhab hcukyx3x c1et5uql ii04i59q\">\n<div dir=\"auto\">Nowy sezon rozpocz\u0119li\u015bmy z wielk\u0105 rado\u015bci\u0105 i jeszcze wi\u0119ksz\u0105 frajd\u0105 w ramach Festiwalu Sztuki w Neustadt! Dzi\u0119ki artystom, publiczno\u015bci i ordze. <span class=\"pq6dq46d tbxw36s4 knj5qynh kvgmc6g5 ditlmg2l oygrvhab nvdbi5me sf5mxxl7 gl3lb2sf hhz5lgdu\"><img loading=\"lazy\" decoding=\"async\" src=\"https:\/\/static.xx.fbcdn.net\/images\/emoji.php\/v9\/teb\/2\/16\/1f642.png\" alt=\"&#128578;\" width=\"16\" height=\"16\"><\/span><\/div>\n<\/div>\n<div class=\"o9v6fnle cxmmr5t8 oygrvhab hcukyx3x c1et5uql ii04i59q\">\n<div dir=\"auto\">I, oczywi\u015bcie, do \u201etub\u201d za wielk\u0105 trosk\u0119!<\/div>\n<\/div>\n<\/div>\n<\/div>\n<\/div>\n<div dir=\"auto\">&nbsp;<\/div><div dir=\"auto\">By\u0142y to:<\/div><ul>\n<li dir=\"auto\">Miro<\/li>\n<li dir=\"auto\">Paula Linke<\/li>\n<li dir=\"auto\">Jane R\u00f6nsch<\/li>\n<li dir=\"auto\">Stefan Weitkus<\/li>\n<li dir=\"auto\">Moc loterii<\/li>\n<li dir=\"auto\">Serce Evy<\/li>\n<li dir=\"auto\">KaSCo<\/li>\n<li dir=\"auto\">Marius Rehwalt<\/li>\n<li dir=\"auto\">Gwendolin Reinicke<\/li>\n<li dir=\"auto\">Isabelle<\/li>\n<\/ul><div dir=\"auto\">ngg_shortcode_0_placeholder<\/div><\/div>","protected":false},"excerpt":{"rendered":"<p>Mit viel Freude und noch mehr Spa&szlig; sind wir im Rahmen des Neustadt Art Festivals in die neue Saison gestartet!&hellip;<\/p>","protected":false},"author":11,"featured_media":13184,"comment_status":"closed","ping_status":"closed","sticky":false,"template":"","format":"standard","meta":{"ngg_post_thumbnail":0,"_jetpack_memberships_contains_paid_content":false,"wds_primary_category":0,"footnotes":""},"categories":[154],"tags":[],"class_list":["post-13161","post","type-post","status-publish","format-standard","has-post-thumbnail","hentry","category-september-2020","wpcat-154-id"],"jetpack_featured_media_url":"https:\/\/i0.wp.com\/www.offene-buehne-dresden.de\/wp-content\/uploads\/2020\/10\/119660064_2661532310728393_3859814197793381636_o.jpg?fit=1275%2C847&ssl=1","jetpack_sharing_enabled":true,"_links":{"self":[{"href":"https:\/\/www.offene-buehne-dresden.de\/pl\/wp-json\/wp\/v2\/posts\/13161","targetHints":{"allow":["GET"]}}],"collection":[{"href":"https:\/\/www.offene-buehne-dresden.de\/pl\/wp-json\/wp\/v2\/posts"}],"about":[{"href":"https:\/\/www.offene-buehne-dresden.de\/pl\/wp-json\/wp\/v2\/types\/post"}],"author":[{"embeddable":true,"href":"https:\/\/www.offene-buehne-dresden.de\/pl\/wp-json\/wp\/v2\/users\/11"}],"replies":[{"embeddable":true,"href":"https:\/\/www.offene-buehne-dresden.de\/pl\/wp-json\/wp\/v2\/comments?post=13161"}],"version-history":[{"count":3,"href":"https:\/\/www.offene-buehne-dresden.de\/pl\/wp-json\/wp\/v2\/posts\/13161\/revisions"}],"predecessor-version":[{"id":13186,"href":"https:\/\/www.offene-buehne-dresden.de\/pl\/wp-json\/wp\/v2\/posts\/13161\/revisions\/13186"}],"wp:featuredmedia":[{"embeddable":true,"href":"https:\/\/www.offene-buehne-dresden.de\/pl\/wp-json\/wp\/v2\/media\/13184"}],"wp:attachment":[{"href":"https:\/\/www.offene-buehne-dresden.de\/pl\/wp-json\/wp\/v2\/media?parent=13161"}],"wp:term":[{"taxonomy":"category","embeddable":true,"href":"https:\/\/www.offene-buehne-dresden.de\/pl\/wp-json\/wp\/v2\/categories?post=13161"},{"taxonomy":"post_tag","embeddable":true,"href":"https:\/\/www.offene-buehne-dresden.de\/pl\/wp-json\/wp\/v2\/tags?post=13161"}],"curies":[{"name":"wp","href":"https:\/\/api.w.org\/{rel}","templated":true}]}}