{"id":1286,"date":"2013-04-14T12:50:07","date_gmt":"2013-04-14T10:50:07","guid":{"rendered":"http:\/\/www.offene-buehne-dresden.de\/?p=1286"},"modified":"2014-08-16T09:46:17","modified_gmt":"2014-08-16T07:46:17","slug":"die-offene-buhne-im-april","status":"publish","type":"post","link":"https:\/\/www.offene-buehne-dresden.de\/pl\/die-offene-buhne-im-april\/","title":{"rendered":"<p>Otwarta scena w kwietniu \u2026<\/p>"},"content":{"rendered":"<p>Drodzy ludzie,<p>w niedziel\u0119 28 kwietnia o godz. 20.00, a wraz z pocz\u0105tkiem p\u00f3\u017anej wiosny kontynuowany b\u0119dzie \u201edie Schleuser\u201d z Norymbergi, a tak\u017ce inne dzie\u0142a literackie i muzyczne na scenie otwartej! Wci\u0105\u017c jest miejsce na rezerwacje \u2013 do\u0142\u0105cz lub po prostu wpadnij!<\/p><p>Czekamy na Ciebie i \u017cyczymy mi\u0142ego czasu.<\/p><p>Stefan, Patu, Felix, Marc, Georg i OB<\/p><\/p>","protected":false},"excerpt":{"rendered":"<p>Liebe Leute, am Sonntag, den 28. April um 20 Uhr und mit dem Beginn des versp&auml;teten Fr&uuml;hlings geht es weiter&hellip;<\/p>","protected":false},"author":3,"featured_media":6053,"comment_status":"closed","ping_status":"closed","sticky":false,"template":"","format":"standard","meta":{"ngg_post_thumbnail":0,"_jetpack_memberships_contains_paid_content":false,"wds_primary_category":0,"footnotes":""},"categories":[1],"tags":[],"class_list":["post-1286","post","type-post","status-publish","format-standard","has-post-thumbnail","hentry","category-allgemein","wpcat-1-id"],"jetpack_featured_media_url":"https:\/\/i0.wp.com\/www.offene-buehne-dresden.de\/wp-content\/uploads\/ngg_featured\/dsc_8141.jpg?fit=1280%2C848&ssl=1","jetpack_sharing_enabled":true,"_links":{"self":[{"href":"https:\/\/www.offene-buehne-dresden.de\/pl\/wp-json\/wp\/v2\/posts\/1286","targetHints":{"allow":["GET"]}}],"collection":[{"href":"https:\/\/www.offene-buehne-dresden.de\/pl\/wp-json\/wp\/v2\/posts"}],"about":[{"href":"https:\/\/www.offene-buehne-dresden.de\/pl\/wp-json\/wp\/v2\/types\/post"}],"author":[{"embeddable":true,"href":"https:\/\/www.offene-buehne-dresden.de\/pl\/wp-json\/wp\/v2\/users\/3"}],"replies":[{"embeddable":true,"href":"https:\/\/www.offene-buehne-dresden.de\/pl\/wp-json\/wp\/v2\/comments?post=1286"}],"version-history":[{"count":1,"href":"https:\/\/www.offene-buehne-dresden.de\/pl\/wp-json\/wp\/v2\/posts\/1286\/revisions"}],"predecessor-version":[{"id":5860,"href":"https:\/\/www.offene-buehne-dresden.de\/pl\/wp-json\/wp\/v2\/posts\/1286\/revisions\/5860"}],"wp:featuredmedia":[{"embeddable":true,"href":"https:\/\/www.offene-buehne-dresden.de\/pl\/wp-json\/wp\/v2\/media\/6053"}],"wp:attachment":[{"href":"https:\/\/www.offene-buehne-dresden.de\/pl\/wp-json\/wp\/v2\/media?parent=1286"}],"wp:term":[{"taxonomy":"category","embeddable":true,"href":"https:\/\/www.offene-buehne-dresden.de\/pl\/wp-json\/wp\/v2\/categories?post=1286"},{"taxonomy":"post_tag","embeddable":true,"href":"https:\/\/www.offene-buehne-dresden.de\/pl\/wp-json\/wp\/v2\/tags?post=1286"}],"curies":[{"name":"wp","href":"https:\/\/api.w.org\/{rel}","templated":true}]}}