{"id":11971,"date":"2019-03-17T19:43:54","date_gmt":"2019-03-17T18:43:54","guid":{"rendered":"http:\/\/www.offene-buehne-dresden.de\/?p=11971"},"modified":"2019-08-16T02:41:17","modified_gmt":"2019-08-16T01:41:17","slug":"februar-2019","status":"publish","type":"post","link":"https:\/\/www.offene-buehne-dresden.de\/pl\/februar-2019\/","title":{"rendered":"<p>luty 2019 r.<\/p>"},"content":{"rendered":"<p>Febuar mia\u0142 go w sobie, z powodu choroby i innych obowi\u0105zk\u00f3w nasz zesp\u00f3\u0142 zosta\u0142 zdziesi\u0105tkowany.<br>\nUte i Kay z Open Mic Nite Freital wkroczyli. Dzi\u0119kuj\u0119 bardzo!<p>Jak zawsze by\u0142o du\u017co muzyki, komedii i literatury.<br>\nWielkie podzi\u0119kowania dla Orgi, publiczno\u015bci i artyst\u00f3w za wspania\u0142y program!<\/p><p>Tym razem by\u0142y to:<\/p><ul>\n<li>Sternheim z Finsterwalde<\/li>\n<li>Rico Wolf<\/li>\n<li>Stephen Blaubach<\/li>\n<li>Jerry Mane<\/li>\n<li>Ralf R\u00f6hr<\/li>\n<li>Tim May<\/li>\n<li>Stefan Hasselmann<\/li>\n<li>Daniel Bastidas oraz<\/li>\n<li>Markus Hindahl<\/li>\n<\/ul><p>\nngg_shortcode_0_placeholder\n<\/p><\/p>","protected":false},"excerpt":{"rendered":"<p>Der Febuar hatte es in sich, Aufgrund von Erkrankung und anderer Verpflichtungen war unser Team dezimiert. Ute und Kay von&hellip;<\/p>","protected":false},"author":11,"featured_media":11972,"comment_status":"closed","ping_status":"closed","sticky":false,"template":"","format":"standard","meta":{"ngg_post_thumbnail":0,"_jetpack_memberships_contains_paid_content":false,"wds_primary_category":0,"footnotes":""},"categories":[127],"tags":[],"class_list":["post-11971","post","type-post","status-publish","format-standard","has-post-thumbnail","hentry","category-februar-2019","wpcat-127-id"],"jetpack_featured_media_url":"https:\/\/i0.wp.com\/www.offene-buehne-dresden.de\/wp-content\/uploads\/2019\/03\/Februar_2019.png?fit=640%2C385&ssl=1","jetpack_sharing_enabled":true,"_links":{"self":[{"href":"https:\/\/www.offene-buehne-dresden.de\/pl\/wp-json\/wp\/v2\/posts\/11971","targetHints":{"allow":["GET"]}}],"collection":[{"href":"https:\/\/www.offene-buehne-dresden.de\/pl\/wp-json\/wp\/v2\/posts"}],"about":[{"href":"https:\/\/www.offene-buehne-dresden.de\/pl\/wp-json\/wp\/v2\/types\/post"}],"author":[{"embeddable":true,"href":"https:\/\/www.offene-buehne-dresden.de\/pl\/wp-json\/wp\/v2\/users\/11"}],"replies":[{"embeddable":true,"href":"https:\/\/www.offene-buehne-dresden.de\/pl\/wp-json\/wp\/v2\/comments?post=11971"}],"version-history":[{"count":6,"href":"https:\/\/www.offene-buehne-dresden.de\/pl\/wp-json\/wp\/v2\/posts\/11971\/revisions"}],"predecessor-version":[{"id":12295,"href":"https:\/\/www.offene-buehne-dresden.de\/pl\/wp-json\/wp\/v2\/posts\/11971\/revisions\/12295"}],"wp:featuredmedia":[{"embeddable":true,"href":"https:\/\/www.offene-buehne-dresden.de\/pl\/wp-json\/wp\/v2\/media\/11972"}],"wp:attachment":[{"href":"https:\/\/www.offene-buehne-dresden.de\/pl\/wp-json\/wp\/v2\/media?parent=11971"}],"wp:term":[{"taxonomy":"category","embeddable":true,"href":"https:\/\/www.offene-buehne-dresden.de\/pl\/wp-json\/wp\/v2\/categories?post=11971"},{"taxonomy":"post_tag","embeddable":true,"href":"https:\/\/www.offene-buehne-dresden.de\/pl\/wp-json\/wp\/v2\/tags?post=11971"}],"curies":[{"name":"wp","href":"https:\/\/api.w.org\/{rel}","templated":true}]}}