{"id":1091,"date":"2012-06-09T16:44:07","date_gmt":"2012-06-09T14:44:07","guid":{"rendered":"http:\/\/www.offene-buehne-dresden.de\/?p=1091"},"modified":"2014-08-16T10:35:10","modified_gmt":"2014-08-16T08:35:10","slug":"ein-paar-videoschnipsel","status":"publish","type":"post","link":"https:\/\/www.offene-buehne-dresden.de\/pl\/ein-paar-videoschnipsel\/","title":{"rendered":"<p>Kilka fragment\u00f3w wideo<\/p>"},"content":{"rendered":"<p>Tymczasem kilka klip\u00f3w widuje si\u0119 w sieci. Nadszed\u0142 czas, abym to po\u0142\u0105czy\u0142.<p>Kto i co filmuj\u0119 \u2013 prosz\u0119 nie pyta\u0107 mnie o system. Zwykle zale\u017cy to od mojej codziennej rutyny. ? Uwzgl\u0119dniane s\u0105 jednak \u017cyczenia uczestnik\u00f3w.<\/p><p>Z regu\u0142y staram si\u0119 uzyska\u0107 zdj\u0119cia w pude\u0142ku, a nast\u0119pnie uchwyci\u0107 ruchome zdj\u0119cia. U\u017cywam mojej normalnej lustrzanki Nikon SLR i nadal mam ma\u0142\u0105 kamer\u0119 Kodak dzia\u0142aj\u0105c\u0105 do ci\u0119\u0107. Na szcz\u0119\u015bcie wszystkie z nich mog\u0105 teraz r\u00f3wnie\u017c zapisywa\u0107 filmy na kartach SD.<\/p><p><iframe loading=\"lazy\" title=\"Andi Valandi - Rock&#039;n&#039;Roll cz\u0142owiek\" width=\"500\" height=\"281\" src=\"https:\/\/www.youtube.com\/embed\/c8PwX3YIzJE?feature=oembed\" frameborder=\"0\" allow=\"accelerometer; autoplay; clipboard-write; encrypted-media; gyroscope; picture-in-picture; web-share\" referrerpolicy=\"strict-origin-when-cross-origin\" allowfullscreen><\/iframe><\/p><p><iframe loading=\"lazy\" title=\"Lee-Ellen Reed - Otwarta scena w Dre\u017anie\" width=\"500\" height=\"281\" src=\"https:\/\/www.youtube.com\/embed\/poV-xemUaEI?feature=oembed\" frameborder=\"0\" allow=\"accelerometer; autoplay; clipboard-write; encrypted-media; gyroscope; picture-in-picture; web-share\" referrerpolicy=\"strict-origin-when-cross-origin\" allowfullscreen><\/iframe><\/p><p><iframe loading=\"lazy\" title=\"Thomas Lautenknecht Blues Duo - &quot;Friedhofsblues - Song of a Gravedigber&quot; - tekst piosenki, t\u0142umaczenie, teledysk\" width=\"500\" height=\"281\" src=\"https:\/\/www.youtube.com\/embed\/AFETCt0d5PM?feature=oembed\" frameborder=\"0\" allow=\"accelerometer; autoplay; clipboard-write; encrypted-media; gyroscope; picture-in-picture; web-share\" referrerpolicy=\"strict-origin-when-cross-origin\" allowfullscreen><\/iframe><\/p><p>Wi\u0119cej klip\u00f3w pojawi si\u0119 w kolejnych odcinkach. ?<\/p><\/p>","protected":false},"excerpt":{"rendered":"<p>Mittlerweile geistern ein paar Clips durch das Web. H&ouml;chste Zeit, dass ich die hier mal verlinke. Wen und was ich&hellip;<\/p>","protected":false},"author":11,"featured_media":7958,"comment_status":"closed","ping_status":"closed","sticky":false,"template":"","format":"standard","meta":{"ngg_post_thumbnail":0,"_jetpack_memberships_contains_paid_content":false,"wds_primary_category":0,"footnotes":""},"categories":[1],"tags":[],"class_list":["post-1091","post","type-post","status-publish","format-standard","has-post-thumbnail","hentry","category-allgemein","wpcat-1-id"],"jetpack_featured_media_url":"https:\/\/i0.wp.com\/www.offene-buehne-dresden.de\/wp-content\/uploads\/ngg_featured\/dsc_9798_web.jpg?fit=1500%2C994&ssl=1","jetpack_sharing_enabled":true,"_links":{"self":[{"href":"https:\/\/www.offene-buehne-dresden.de\/pl\/wp-json\/wp\/v2\/posts\/1091","targetHints":{"allow":["GET"]}}],"collection":[{"href":"https:\/\/www.offene-buehne-dresden.de\/pl\/wp-json\/wp\/v2\/posts"}],"about":[{"href":"https:\/\/www.offene-buehne-dresden.de\/pl\/wp-json\/wp\/v2\/types\/post"}],"author":[{"embeddable":true,"href":"https:\/\/www.offene-buehne-dresden.de\/pl\/wp-json\/wp\/v2\/users\/11"}],"replies":[{"embeddable":true,"href":"https:\/\/www.offene-buehne-dresden.de\/pl\/wp-json\/wp\/v2\/comments?post=1091"}],"version-history":[{"count":1,"href":"https:\/\/www.offene-buehne-dresden.de\/pl\/wp-json\/wp\/v2\/posts\/1091\/revisions"}],"predecessor-version":[{"id":5888,"href":"https:\/\/www.offene-buehne-dresden.de\/pl\/wp-json\/wp\/v2\/posts\/1091\/revisions\/5888"}],"wp:featuredmedia":[{"embeddable":true,"href":"https:\/\/www.offene-buehne-dresden.de\/pl\/wp-json\/wp\/v2\/media\/7958"}],"wp:attachment":[{"href":"https:\/\/www.offene-buehne-dresden.de\/pl\/wp-json\/wp\/v2\/media?parent=1091"}],"wp:term":[{"taxonomy":"category","embeddable":true,"href":"https:\/\/www.offene-buehne-dresden.de\/pl\/wp-json\/wp\/v2\/categories?post=1091"},{"taxonomy":"post_tag","embeddable":true,"href":"https:\/\/www.offene-buehne-dresden.de\/pl\/wp-json\/wp\/v2\/tags?post=1091"}],"curies":[{"name":"wp","href":"https:\/\/api.w.org\/{rel}","templated":true}]}}