{"id":9294,"date":"2015-02-03T19:10:07","date_gmt":"2015-02-03T17:10:07","guid":{"rendered":"http:\/\/www.offene-buehne-dresden.de\/?p=9294"},"modified":"2015-03-30T20:45:51","modified_gmt":"2015-03-30T18:45:51","slug":"weihnachtliches-auf-irisch-die-offene-buehne-im-november","status":"publish","type":"post","link":"https:\/\/www.offene-buehne-dresden.de\/fr\/weihnachtliches-auf-irisch-die-offene-buehne-im-november\/","title":{"rendered":"<p>No\u00ebl en irlandais \u2013 la sc\u00e8ne ouverte en novembre<\/p>"},"content":{"rendered":"<p><em>Apr\u00e8s l\u2019arriv\u00e9e de la \u00absensibilit\u00e9\u00bb dans les magasins d\u00e8s le mois de septembre, nous avons commenc\u00e9 le dernier jour du NOVember dans l\u2019ambiance festive du DEZember. Notre duo de mod\u00e9rateurs Stefan Ce et Marc Knepper a ajout\u00e9 une grande dose de plaisir et nous a pr\u00e9sent\u00e9 quelques gags.<\/em><p>Les bandes de cadre \u00e9taient <a href=\"https:\/\/www.facebook.com\/wastelandexpedition\"><strong>Exp\u00e9dition de Wasteland<\/strong><\/a>. Ils nous ont donn\u00e9 des conseils sur le volume, puis les sons ont vol\u00e9 autour de nos oreilles. Avec deux guitares, une basse, des tambours forts et une voix puissante, ils ont fait trembler les murs de la maison du quartier.<\/p><p><a href=\"http:\/\/www.gruselgrotte.de\/\"><strong>pierre<\/strong><\/a> Il a \u00e9crit un texte sur <a href=\"http:\/\/www.gruselgrotte.de\/traumsuche-nach-dem-unbewohnten-kaditz\/\">B\u00e2timents d\u00e9labr\u00e9s \u00e0 Kaditz<\/a> avant. Ses paroles rappelaient l'\u00e9poque o\u00f9 l'on \u00e9tait jeune et que l'on se promenait courageusement dans la r\u00e9gion. Tr\u00e8s m\u00e9lancolique.<\/p><p><strong><a href=\"http:\/\/www.suantrai.de\/\">Annette et Jacob<\/a><\/strong> ont jou\u00e9 quelques chansons de leur CD \u00abSuantrai\u00bb en version acoustique. Les chansons irlandaises-\u00e9cossaises, en partie en ga\u00e9lique, r\u00e9pandaient leur humeur m\u00e9ditative mystique dans toute la pi\u00e8ce.<\/p><p><strong>Anne l'<\/strong> lire un texte sur \u00abHelga\u00bb. Les lignes tristes rapportaient les difficult\u00e9s du vieillissement.<\/p><p><strong>Romy M\u00f6hrke<\/strong> Il a berc\u00e9 la sc\u00e8ne avec de la guitare, de bons textes et beaucoup de flair. Ses chansons \u00e9taient accusatrices, m\u00e9lancoliques et avaient beaucoup d'\u00e9nergie!<\/p><p><a href=\"https:\/\/www.youtube.com\/channel\/UCTmPsvkE7YgXbk9UEZRU6Uw\"><strong>Ren\u00e9 Wolf<\/strong> <\/a>a rapport\u00e9 le match de football Allemagne-Ghana, dans une version qui n\u2019\u00e9tait pas diffus\u00e9e \u00e0 la t\u00e9l\u00e9vision. Le texte ironique reprenait les pr\u00e9jug\u00e9s et les transformait en contraire. C'est tr\u00e8s amusant!<\/p><p><strong>Apr\u00e8s la pause<\/strong> Nos mod\u00e9rateurs ont pris un selfie \u00e9l\u00e9gant \u2013 la candidature pour le Next Top Mods de l\u2019Allemagne est en cours.<\/p><p><strong>DJ Flexible<\/strong> Il a apport\u00e9 une t\u00e9l\u00e9vision et a montr\u00e9 un film sur les patineurs de Dresde. L'\u0153uvre surr\u00e9aliste \u00e9tait sous-tendue par sa musique.<\/p><p><strong>Andrea Wechsler<\/strong> lire des po\u00e8mes tir\u00e9s de son recueil de po\u00e8mes \u00abQuand les parall\u00e8les se croisent\u00bb. Les textes \u00e9taient critiques envers la soci\u00e9t\u00e9 et tr\u00e8s ironiques. Enfin, elle a d\u00e9crit un No\u00ebl chaotique.<\/p><p><strong>Gardien de Raik<\/strong> avait apport\u00e9 sa guitare d'enfant et chantait des chansons satiriques sur des personnes qui d\u00e9filaient devant leurs d\u00e9sirs.<\/p><p><a href=\"http:\/\/pirat-micha.blog.de\/\"><strong>Michael Winkler<\/strong><\/a> a \u00e9crit un po\u00e8me sur sa ville natale, \u00abChemnitz, ville moderne\u00bb. Il s\u2019est \u00e9galement pench\u00e9 sur le mouvement Pegida avant de devenir romantique avec \u00abYou don\u2019t deserve me\u00bb.<\/p><p>Apr\u00e8s avoir <strong>Exp\u00e9dition de Wasteland<\/strong> balan\u00e7ant la jambe de danse, a donn\u00e9 <strong>Raik<\/strong> \u00e0 la demande d\u2019un fan, un ajout suppl\u00e9mentaire \u2013 sans fan, mais avec beaucoup de plaisir. M\u00eame si sa chanson sur les tas dans les mus\u00e9es n'a pas rencontr\u00e9 tous les go\u00fbts, ses conf\u00e9rences l\u00e2ches et floconneuses sont tr\u00e8s amusantes!<\/p><p><em>C'\u00e9tait bruyant, c'\u00e9tait silencieux, c'\u00e9tait curieux et parfois tr\u00e8s s\u00e9rieux. Un m\u00e9lange color\u00e9 de mod\u00e9rateurs de bonne humeur! Un \u00e9loge suppl\u00e9mentaire pour Marc, qui a parfaitement ma\u00eetris\u00e9 son double r\u00f4le d'animateur et de photographe! Merci \u00e0 tous jusqu\u2019\u00e0 la prochaine fois!<\/em><\/p><p>&nbsp;<\/p><p>&nbsp;<\/p><\/p>","protected":false},"excerpt":{"rendered":"<p>Nachdem in den L&auml;den schon im September &bdquo;Besinnlichkeit&ldquo; einkehrte, starteten wir am letzten Tag des NOVembers in die feierliche Stimmung&hellip;<\/p>","protected":false},"author":10,"featured_media":9316,"comment_status":"closed","ping_status":"closed","sticky":false,"template":"","format":"standard","meta":{"ngg_post_thumbnail":0,"_jetpack_memberships_contains_paid_content":false,"wds_primary_category":0,"footnotes":""},"categories":[70],"tags":[],"class_list":["post-9294","post","type-post","status-publish","format-standard","has-post-thumbnail","hentry","category-november-2014","wpcat-70-id"],"jetpack_featured_media_url":"https:\/\/i0.wp.com\/www.offene-buehne-dresden.de\/wp-content\/uploads\/2014\/12\/Offene-Buehne-Dresden-November-2014-fotos-Marc-Knepper-Knepptec-17.jpg?fit=1200%2C800&ssl=1","jetpack_sharing_enabled":true,"_links":{"self":[{"href":"https:\/\/www.offene-buehne-dresden.de\/fr\/wp-json\/wp\/v2\/posts\/9294","targetHints":{"allow":["GET"]}}],"collection":[{"href":"https:\/\/www.offene-buehne-dresden.de\/fr\/wp-json\/wp\/v2\/posts"}],"about":[{"href":"https:\/\/www.offene-buehne-dresden.de\/fr\/wp-json\/wp\/v2\/types\/post"}],"author":[{"embeddable":true,"href":"https:\/\/www.offene-buehne-dresden.de\/fr\/wp-json\/wp\/v2\/users\/10"}],"replies":[{"embeddable":true,"href":"https:\/\/www.offene-buehne-dresden.de\/fr\/wp-json\/wp\/v2\/comments?post=9294"}],"version-history":[{"count":1,"href":"https:\/\/www.offene-buehne-dresden.de\/fr\/wp-json\/wp\/v2\/posts\/9294\/revisions"}],"predecessor-version":[{"id":9295,"href":"https:\/\/www.offene-buehne-dresden.de\/fr\/wp-json\/wp\/v2\/posts\/9294\/revisions\/9295"}],"wp:featuredmedia":[{"embeddable":true,"href":"https:\/\/www.offene-buehne-dresden.de\/fr\/wp-json\/wp\/v2\/media\/9316"}],"wp:attachment":[{"href":"https:\/\/www.offene-buehne-dresden.de\/fr\/wp-json\/wp\/v2\/media?parent=9294"}],"wp:term":[{"taxonomy":"category","embeddable":true,"href":"https:\/\/www.offene-buehne-dresden.de\/fr\/wp-json\/wp\/v2\/categories?post=9294"},{"taxonomy":"post_tag","embeddable":true,"href":"https:\/\/www.offene-buehne-dresden.de\/fr\/wp-json\/wp\/v2\/tags?post=9294"}],"curies":[{"name":"wp","href":"https:\/\/api.w.org\/{rel}","templated":true}]}}