{"id":9287,"date":"2014-10-30T20:19:09","date_gmt":"2014-10-30T18:19:09","guid":{"rendered":"http:\/\/www.offene-buehne-dresden.de\/?p=9287"},"modified":"2014-12-27T13:32:42","modified_gmt":"2014-12-27T11:32:42","slug":"ein-mann-ist-nicht-genug-die-oktober-buehne","status":"publish","type":"post","link":"https:\/\/www.offene-buehne-dresden.de\/fr\/ein-mann-ist-nicht-genug-die-oktober-buehne\/","title":{"rendered":"<p>Un homme ne suffit pas \u2013 la sc\u00e8ne d\u2019octobre<\/p>"},"content":{"rendered":"<p><em>L\u2019automne est en pleine floraison et la sc\u00e8ne ouverte d\u2019octobre a \u00e9t\u00e9 tout aussi florissante d\u2019inspiration et de bonnes contributions. Cette fois-ci, notre pr\u00e9sentateur Stefan Ce a \u00e9t\u00e9 soutenu par la po\u00e9sie Slammer Nils Matzka, qui nous a rejoints le long chemin de Leipzig.<\/em><p>&nbsp;<\/p><p><a href=\"https:\/\/i0.wp.com\/www.offene-buehne-dresden.de\/wp-content\/uploads\/2014\/11\/Offene-B%C3%BChne-Dresden-Oktober-2014-Stadtteilhaus-Wanne-Fotos-Marc-Knepper-Knepptec-9.jpg\"><img data-recalc-dims=\"1\" height=\"1024\" decoding=\"async\" data-attachment-id=\"9126\" data-permalink=\"https:\/\/www.offene-buehne-dresden.de\/fr\/offene-buehne-dresden-oktober-2014-stadtteilhaus-wanne-fotos-marc-knepper-knepptec-9\/\" data-orig-file=\"https:\/\/i0.wp.com\/www.offene-buehne-dresden.de\/wp-content\/uploads\/2014\/11\/Offene-B%C3%BChne-Dresden-Oktober-2014-Stadtteilhaus-Wanne-Fotos-Marc-Knepper-Knepptec-9.jpg?fit=1200%2C800&amp;ssl=1\" data-orig-size=\"1200,800\" data-comments-opened=\"1\" data-image-meta='{\"aperture\":\"0\",\"credit\":\"\",\"camera\":\"\",\"caption\":\"\",\"created_timestamp\":\"0\",\"copyright\":\"\",\"focal_length\":\"0\",\"iso\":\"0\",\"shutter_speed\":\"0\",\"title\":\"\",\"orientation\":\"0\"}' data-image-title=\"Offene-B&uuml;hne-Dresden-Oktober-2014-Stadtteilhaus-Wanne-Fotos-Marc-Knepper-Knepptec (9)\" data-image-description=\"\" data-image-caption=\"\" data-large-file=\"https:\/\/i0.wp.com\/www.offene-buehne-dresden.de\/wp-content\/uploads\/2014\/11\/Offene-B%C3%BChne-Dresden-Oktober-2014-Stadtteilhaus-Wanne-Fotos-Marc-Knepper-Knepptec-9.jpg?fit=1024%2C683&amp;ssl=1\" class=\"aligncenter size-large wp-image-9126\" style=\"box-shadow: 0 8px 6px -6px #000;\" src=\"https:\/\/i0.wp.com\/www.offene-buehne-dresden.de\/wp-content\/uploads\/2014\/11\/Offene-B%C3%BChne-Dresden-Oktober-2014-Stadtteilhaus-Wanne-Fotos-Marc-Knepper-Knepptec-9-1024x682.jpg?fit=1024%2C1024\" alt=\"Wilder M\" width=\"1024\"><\/a><\/p><p>&nbsp;<\/p><p>Les bandes de cadre \u00e9taient <a href=\"https:\/\/www.facebook.com\/pages\/Wilder-Mohn\/407652272718311\"><strong>Pavot sauvage<\/strong><\/a>, qui a enthousiasm\u00e9 avec de beaux instruments et des textes r\u00e9fl\u00e9chis.<\/p><p>&nbsp;<\/p><p><a href=\"https:\/\/i0.wp.com\/www.offene-buehne-dresden.de\/wp-content\/uploads\/2014\/11\/Offene-B%C3%BChne-Dresden-Oktober-2014-Stadtteilhaus-Wanne-Fotos-Marc-Knepper-Knepptec-11.jpg\"><img data-recalc-dims=\"1\" decoding=\"async\" data-attachment-id=\"9128\" data-permalink=\"https:\/\/www.offene-buehne-dresden.de\/fr\/offene-buehne-dresden-oktober-2014-stadtteilhaus-wanne-fotos-marc-knepper-knepptec-11\/\" data-orig-file=\"https:\/\/i0.wp.com\/www.offene-buehne-dresden.de\/wp-content\/uploads\/2014\/11\/Offene-B%C3%BChne-Dresden-Oktober-2014-Stadtteilhaus-Wanne-Fotos-Marc-Knepper-Knepptec-11.jpg?fit=1200%2C800&amp;ssl=1\" data-orig-size=\"1200,800\" data-comments-opened=\"1\" data-image-meta='{\"aperture\":\"0\",\"credit\":\"\",\"camera\":\"\",\"caption\":\"\",\"created_timestamp\":\"0\",\"copyright\":\"\",\"focal_length\":\"0\",\"iso\":\"0\",\"shutter_speed\":\"0\",\"title\":\"\",\"orientation\":\"0\"}' data-image-title=\"Offene-B&uuml;hne-Dresden-Oktober-2014-Stadtteilhaus-Wanne-Fotos-Marc-Knepper-Knepptec (11)\" data-image-description=\"\" data-image-caption=\"\" data-large-file=\"https:\/\/i0.wp.com\/www.offene-buehne-dresden.de\/wp-content\/uploads\/2014\/11\/Offene-B%C3%BChne-Dresden-Oktober-2014-Stadtteilhaus-Wanne-Fotos-Marc-Knepper-Knepptec-11.jpg?fit=1024%2C683&amp;ssl=1\" class=\"aligncenter wp-image-9128 size-full\" style=\"box-shadow: 0 8px 6px -6px #000;\" src=\"https:\/\/i0.wp.com\/www.offene-buehne-dresden.de\/wp-content\/uploads\/2014\/11\/Offene-B%C3%BChne-Dresden-Oktober-2014-Stadtteilhaus-Wanne-Fotos-Marc-Knepper-Knepptec-11.jpg\" alt=\"Marc-Knepper-Knepptec de photos d&#039;\u00e9vier de maison de ville d&#039;Octobre 2014 de Dresde d&#039;\u00e9tape ouverte (11)\" srcset=\"https:\/\/i0.wp.com\/www.offene-buehne-dresden.de\/wp-content\/uploads\/2014\/11\/Offene-B%C3%BChne-Dresden-Oktober-2014-Stadtteilhaus-Wanne-Fotos-Marc-Knepper-Knepptec-11.jpg?w=1200&amp;ssl=1 1200w, https:\/\/i0.wp.com\/www.offene-buehne-dresden.de\/wp-content\/uploads\/2014\/11\/Offene-B%C3%BChne-Dresden-Oktober-2014-Stadtteilhaus-Wanne-Fotos-Marc-Knepper-Knepptec-11.jpg?resize=768%2C512&amp;ssl=1 768w, https:\/\/i0.wp.com\/www.offene-buehne-dresden.de\/wp-content\/uploads\/2014\/11\/Offene-B%C3%BChne-Dresden-Oktober-2014-Stadtteilhaus-Wanne-Fotos-Marc-Knepper-Knepptec-11.jpg?resize=1024%2C683&amp;ssl=1 1024w, https:\/\/i0.wp.com\/www.offene-buehne-dresden.de\/wp-content\/uploads\/2014\/11\/Offene-B%C3%BChne-Dresden-Oktober-2014-Stadtteilhaus-Wanne-Fotos-Marc-Knepper-Knepptec-11.jpg?resize=1064%2C709&amp;ssl=1 1064w, https:\/\/i0.wp.com\/www.offene-buehne-dresden.de\/wp-content\/uploads\/2014\/11\/Offene-B%C3%BChne-Dresden-Oktober-2014-Stadtteilhaus-Wanne-Fotos-Marc-Knepper-Knepptec-11.jpg?resize=716%2C477&amp;ssl=1 716w, https:\/\/i0.wp.com\/www.offene-buehne-dresden.de\/wp-content\/uploads\/2014\/11\/Offene-B%C3%BChne-Dresden-Oktober-2014-Stadtteilhaus-Wanne-Fotos-Marc-Knepper-Knepptec-11.jpg?resize=480%2C320&amp;ssl=1 480w, https:\/\/i0.wp.com\/www.offene-buehne-dresden.de\/wp-content\/uploads\/2014\/11\/Offene-B%C3%BChne-Dresden-Oktober-2014-Stadtteilhaus-Wanne-Fotos-Marc-Knepper-Knepptec-11.jpg?resize=300%2C200&amp;ssl=1 300w, https:\/\/i0.wp.com\/www.offene-buehne-dresden.de\/wp-content\/uploads\/2014\/11\/Offene-B%C3%BChne-Dresden-Oktober-2014-Stadtteilhaus-Wanne-Fotos-Marc-Knepper-Knepptec-11.jpg?resize=600%2C400&amp;ssl=1 600w\" sizes=\"(max-width: 1000px) 100vw, 1000px\"><\/a><\/p><p>&nbsp;<\/p><p>Apr\u00e8s cela, portait <strong>Ferri Leberl<\/strong> un texte de son recueil d'histoires courtes <em>Rupture de biscuit<\/em> avant. Il parlait d'un vaisseau spatial et \u00e9tait un peu ironique.<\/p><p>&nbsp;<\/p><p><a href=\"https:\/\/i0.wp.com\/www.offene-buehne-dresden.de\/wp-content\/uploads\/2014\/11\/Offene-B%C3%BChne-Dresden-Oktober-2014-Stadtteilhaus-Wanne-Fotos-Marc-Knepper-Knepptec-14.jpg\"><img data-recalc-dims=\"1\" decoding=\"async\" data-attachment-id=\"9131\" data-permalink=\"https:\/\/www.offene-buehne-dresden.de\/fr\/offene-buehne-dresden-oktober-2014-stadtteilhaus-wanne-fotos-marc-knepper-knepptec-14\/\" data-orig-file=\"https:\/\/i0.wp.com\/www.offene-buehne-dresden.de\/wp-content\/uploads\/2014\/11\/Offene-B%C3%BChne-Dresden-Oktober-2014-Stadtteilhaus-Wanne-Fotos-Marc-Knepper-Knepptec-14.jpg?fit=1200%2C800&amp;ssl=1\" data-orig-size=\"1200,800\" data-comments-opened=\"1\" data-image-meta='{\"aperture\":\"0\",\"credit\":\"\",\"camera\":\"\",\"caption\":\"\",\"created_timestamp\":\"0\",\"copyright\":\"\",\"focal_length\":\"0\",\"iso\":\"0\",\"shutter_speed\":\"0\",\"title\":\"\",\"orientation\":\"0\"}' data-image-title=\"Offene-B&uuml;hne-Dresden-Oktober-2014-Stadtteilhaus-Wanne-Fotos-Marc-Knepper-Knepptec (14)\" data-image-description=\"\" data-image-caption=\"\" data-large-file=\"https:\/\/i0.wp.com\/www.offene-buehne-dresden.de\/wp-content\/uploads\/2014\/11\/Offene-B%C3%BChne-Dresden-Oktober-2014-Stadtteilhaus-Wanne-Fotos-Marc-Knepper-Knepptec-14.jpg?fit=1024%2C683&amp;ssl=1\" class=\"aligncenter wp-image-9131 size-full\" style=\"box-shadow: 0 8px 6px -6px #000;\" src=\"https:\/\/i0.wp.com\/www.offene-buehne-dresden.de\/wp-content\/uploads\/2014\/11\/Offene-B%C3%BChne-Dresden-Oktober-2014-Stadtteilhaus-Wanne-Fotos-Marc-Knepper-Knepptec-14.jpg\" alt=\"Marc-Knepper-Knepptec de photos d&#039;\u00e9vier de maison de ville d&#039;Octobre 2014 de Dresde d&#039;\u00e9tape ouverte (14)\" srcset=\"https:\/\/i0.wp.com\/www.offene-buehne-dresden.de\/wp-content\/uploads\/2014\/11\/Offene-B%C3%BChne-Dresden-Oktober-2014-Stadtteilhaus-Wanne-Fotos-Marc-Knepper-Knepptec-14.jpg?w=1200&amp;ssl=1 1200w, https:\/\/i0.wp.com\/www.offene-buehne-dresden.de\/wp-content\/uploads\/2014\/11\/Offene-B%C3%BChne-Dresden-Oktober-2014-Stadtteilhaus-Wanne-Fotos-Marc-Knepper-Knepptec-14.jpg?resize=768%2C512&amp;ssl=1 768w, https:\/\/i0.wp.com\/www.offene-buehne-dresden.de\/wp-content\/uploads\/2014\/11\/Offene-B%C3%BChne-Dresden-Oktober-2014-Stadtteilhaus-Wanne-Fotos-Marc-Knepper-Knepptec-14.jpg?resize=1024%2C683&amp;ssl=1 1024w, https:\/\/i0.wp.com\/www.offene-buehne-dresden.de\/wp-content\/uploads\/2014\/11\/Offene-B%C3%BChne-Dresden-Oktober-2014-Stadtteilhaus-Wanne-Fotos-Marc-Knepper-Knepptec-14.jpg?resize=1064%2C709&amp;ssl=1 1064w, https:\/\/i0.wp.com\/www.offene-buehne-dresden.de\/wp-content\/uploads\/2014\/11\/Offene-B%C3%BChne-Dresden-Oktober-2014-Stadtteilhaus-Wanne-Fotos-Marc-Knepper-Knepptec-14.jpg?resize=716%2C477&amp;ssl=1 716w, https:\/\/i0.wp.com\/www.offene-buehne-dresden.de\/wp-content\/uploads\/2014\/11\/Offene-B%C3%BChne-Dresden-Oktober-2014-Stadtteilhaus-Wanne-Fotos-Marc-Knepper-Knepptec-14.jpg?resize=480%2C320&amp;ssl=1 480w, https:\/\/i0.wp.com\/www.offene-buehne-dresden.de\/wp-content\/uploads\/2014\/11\/Offene-B%C3%BChne-Dresden-Oktober-2014-Stadtteilhaus-Wanne-Fotos-Marc-Knepper-Knepptec-14.jpg?resize=300%2C200&amp;ssl=1 300w, https:\/\/i0.wp.com\/www.offene-buehne-dresden.de\/wp-content\/uploads\/2014\/11\/Offene-B%C3%BChne-Dresden-Oktober-2014-Stadtteilhaus-Wanne-Fotos-Marc-Knepper-Knepptec-14.jpg?resize=600%2C400&amp;ssl=1 600w\" sizes=\"(max-width: 1000px) 100vw, 1000px\"><\/a><\/p><p>&nbsp;<\/p><p><a href=\"https:\/\/soundcloud.com\/sonja-kat\"><strong>Le soleil et la lune<\/strong><\/a> Ils nous ont pr\u00e9sent\u00e9 des chansons m\u00e9lancoliques accompagn\u00e9es d'une guitare.<\/p><p>&nbsp;<\/p><p><a href=\"https:\/\/i0.wp.com\/www.offene-buehne-dresden.de\/wp-content\/uploads\/2014\/11\/Offene-B%C3%BChne-Dresden-Oktober-2014-Stadtteilhaus-Wanne-Fotos-Marc-Knepper-Knepptec-3.jpg\"><img data-recalc-dims=\"1\" decoding=\"async\" data-attachment-id=\"9120\" data-permalink=\"https:\/\/www.offene-buehne-dresden.de\/fr\/offene-buehne-dresden-oktober-2014-stadtteilhaus-wanne-fotos-marc-knepper-knepptec-3\/\" data-orig-file=\"https:\/\/i0.wp.com\/www.offene-buehne-dresden.de\/wp-content\/uploads\/2014\/11\/Offene-B%C3%BChne-Dresden-Oktober-2014-Stadtteilhaus-Wanne-Fotos-Marc-Knepper-Knepptec-3.jpg?fit=1200%2C800&amp;ssl=1\" data-orig-size=\"1200,800\" data-comments-opened=\"1\" data-image-meta='{\"aperture\":\"0\",\"credit\":\"\",\"camera\":\"\",\"caption\":\"\",\"created_timestamp\":\"0\",\"copyright\":\"\",\"focal_length\":\"0\",\"iso\":\"0\",\"shutter_speed\":\"0\",\"title\":\"\",\"orientation\":\"0\"}' data-image-title=\"Offene-B&uuml;hne-Dresden-Oktober-2014-Stadtteilhaus-Wanne-Fotos-Marc-Knepper-Knepptec (3)\" data-image-description=\"\" data-image-caption=\"\" data-large-file=\"https:\/\/i0.wp.com\/www.offene-buehne-dresden.de\/wp-content\/uploads\/2014\/11\/Offene-B%C3%BChne-Dresden-Oktober-2014-Stadtteilhaus-Wanne-Fotos-Marc-Knepper-Knepptec-3.jpg?fit=1024%2C683&amp;ssl=1\" class=\"aligncenter wp-image-9120 size-full\" style=\"box-shadow: 0 8px 6px -6px #000;\" src=\"https:\/\/i0.wp.com\/www.offene-buehne-dresden.de\/wp-content\/uploads\/2014\/11\/Offene-B%C3%BChne-Dresden-Oktober-2014-Stadtteilhaus-Wanne-Fotos-Marc-Knepper-Knepptec-3.jpg\" alt=\"Sc\u00e8ne ouverte Dresde Octobre 2014\" srcset=\"https:\/\/i0.wp.com\/www.offene-buehne-dresden.de\/wp-content\/uploads\/2014\/11\/Offene-B%C3%BChne-Dresden-Oktober-2014-Stadtteilhaus-Wanne-Fotos-Marc-Knepper-Knepptec-3.jpg?w=1200&amp;ssl=1 1200w, https:\/\/i0.wp.com\/www.offene-buehne-dresden.de\/wp-content\/uploads\/2014\/11\/Offene-B%C3%BChne-Dresden-Oktober-2014-Stadtteilhaus-Wanne-Fotos-Marc-Knepper-Knepptec-3.jpg?resize=768%2C512&amp;ssl=1 768w, https:\/\/i0.wp.com\/www.offene-buehne-dresden.de\/wp-content\/uploads\/2014\/11\/Offene-B%C3%BChne-Dresden-Oktober-2014-Stadtteilhaus-Wanne-Fotos-Marc-Knepper-Knepptec-3.jpg?resize=1024%2C683&amp;ssl=1 1024w, https:\/\/i0.wp.com\/www.offene-buehne-dresden.de\/wp-content\/uploads\/2014\/11\/Offene-B%C3%BChne-Dresden-Oktober-2014-Stadtteilhaus-Wanne-Fotos-Marc-Knepper-Knepptec-3.jpg?resize=1064%2C709&amp;ssl=1 1064w, https:\/\/i0.wp.com\/www.offene-buehne-dresden.de\/wp-content\/uploads\/2014\/11\/Offene-B%C3%BChne-Dresden-Oktober-2014-Stadtteilhaus-Wanne-Fotos-Marc-Knepper-Knepptec-3.jpg?resize=716%2C477&amp;ssl=1 716w, https:\/\/i0.wp.com\/www.offene-buehne-dresden.de\/wp-content\/uploads\/2014\/11\/Offene-B%C3%BChne-Dresden-Oktober-2014-Stadtteilhaus-Wanne-Fotos-Marc-Knepper-Knepptec-3.jpg?resize=480%2C320&amp;ssl=1 480w, https:\/\/i0.wp.com\/www.offene-buehne-dresden.de\/wp-content\/uploads\/2014\/11\/Offene-B%C3%BChne-Dresden-Oktober-2014-Stadtteilhaus-Wanne-Fotos-Marc-Knepper-Knepptec-3.jpg?resize=300%2C200&amp;ssl=1 300w, https:\/\/i0.wp.com\/www.offene-buehne-dresden.de\/wp-content\/uploads\/2014\/11\/Offene-B%C3%BChne-Dresden-Oktober-2014-Stadtteilhaus-Wanne-Fotos-Marc-Knepper-Knepptec-3.jpg?resize=600%2C400&amp;ssl=1 600w\" sizes=\"(max-width: 1000px) 100vw, 1000px\"><\/a><\/p><p>&nbsp;<\/p><p><a href=\"https:\/\/herrenlosesbier.wordpress.com\/\"><strong>Nils<\/strong><\/a> Non seulement a-t-il mod\u00e9r\u00e9, mais il a \u00e9galement r\u00e9cit\u00e9 \u2013 un po\u00e8me de <a href=\"https:\/\/herrenlosesbier.wordpress.com\/2014\/11\/05\/lieber-unschuldschmelzer\/\">Aimants de r\u00e9frig\u00e9rateur<\/a>.<\/p><p><a href=\"https:\/\/i0.wp.com\/www.offene-buehne-dresden.de\/wp-content\/uploads\/2014\/11\/Offene-B%C3%BChne-Dresden-Oktober-2014-Stadtteilhaus-Wanne-Fotos-Marc-Knepper-Knepptec-18.jpg\"><img data-recalc-dims=\"1\" decoding=\"async\" data-attachment-id=\"9135\" data-permalink=\"https:\/\/www.offene-buehne-dresden.de\/fr\/offene-buehne-dresden-oktober-2014-stadtteilhaus-wanne-fotos-marc-knepper-knepptec-18\/\" data-orig-file=\"https:\/\/i0.wp.com\/www.offene-buehne-dresden.de\/wp-content\/uploads\/2014\/11\/Offene-B%C3%BChne-Dresden-Oktober-2014-Stadtteilhaus-Wanne-Fotos-Marc-Knepper-Knepptec-18.jpg?fit=1200%2C800&amp;ssl=1\" data-orig-size=\"1200,800\" data-comments-opened=\"1\" data-image-meta='{\"aperture\":\"0\",\"credit\":\"\",\"camera\":\"\",\"caption\":\"\",\"created_timestamp\":\"0\",\"copyright\":\"\",\"focal_length\":\"0\",\"iso\":\"0\",\"shutter_speed\":\"0\",\"title\":\"\",\"orientation\":\"0\"}' data-image-title=\"Offene-B&uuml;hne-Dresden-Oktober-2014-Stadtteilhaus-Wanne-Fotos-Marc-Knepper-Knepptec (18)\" data-image-description=\"\" data-image-caption=\"\" data-large-file=\"https:\/\/i0.wp.com\/www.offene-buehne-dresden.de\/wp-content\/uploads\/2014\/11\/Offene-B%C3%BChne-Dresden-Oktober-2014-Stadtteilhaus-Wanne-Fotos-Marc-Knepper-Knepptec-18.jpg?fit=1024%2C683&amp;ssl=1\" class=\"aligncenter wp-image-9135 size-full\" style=\"box-shadow: 0 8px 6px -6px #000;\" src=\"https:\/\/i0.wp.com\/www.offene-buehne-dresden.de\/wp-content\/uploads\/2014\/11\/Offene-B%C3%BChne-Dresden-Oktober-2014-Stadtteilhaus-Wanne-Fotos-Marc-Knepper-Knepptec-18.jpg\" alt=\"Marc-Knepper-Knepptec de photos d&#039;\u00e9vier de maison de ville d&#039;Octobre 2014 de Dresde d&#039;\u00e9tape ouverte (18)\" srcset=\"https:\/\/i0.wp.com\/www.offene-buehne-dresden.de\/wp-content\/uploads\/2014\/11\/Offene-B%C3%BChne-Dresden-Oktober-2014-Stadtteilhaus-Wanne-Fotos-Marc-Knepper-Knepptec-18.jpg?w=1200&amp;ssl=1 1200w, https:\/\/i0.wp.com\/www.offene-buehne-dresden.de\/wp-content\/uploads\/2014\/11\/Offene-B%C3%BChne-Dresden-Oktober-2014-Stadtteilhaus-Wanne-Fotos-Marc-Knepper-Knepptec-18.jpg?resize=768%2C512&amp;ssl=1 768w, https:\/\/i0.wp.com\/www.offene-buehne-dresden.de\/wp-content\/uploads\/2014\/11\/Offene-B%C3%BChne-Dresden-Oktober-2014-Stadtteilhaus-Wanne-Fotos-Marc-Knepper-Knepptec-18.jpg?resize=1024%2C683&amp;ssl=1 1024w, https:\/\/i0.wp.com\/www.offene-buehne-dresden.de\/wp-content\/uploads\/2014\/11\/Offene-B%C3%BChne-Dresden-Oktober-2014-Stadtteilhaus-Wanne-Fotos-Marc-Knepper-Knepptec-18.jpg?resize=1064%2C709&amp;ssl=1 1064w, https:\/\/i0.wp.com\/www.offene-buehne-dresden.de\/wp-content\/uploads\/2014\/11\/Offene-B%C3%BChne-Dresden-Oktober-2014-Stadtteilhaus-Wanne-Fotos-Marc-Knepper-Knepptec-18.jpg?resize=716%2C477&amp;ssl=1 716w, https:\/\/i0.wp.com\/www.offene-buehne-dresden.de\/wp-content\/uploads\/2014\/11\/Offene-B%C3%BChne-Dresden-Oktober-2014-Stadtteilhaus-Wanne-Fotos-Marc-Knepper-Knepptec-18.jpg?resize=480%2C320&amp;ssl=1 480w, https:\/\/i0.wp.com\/www.offene-buehne-dresden.de\/wp-content\/uploads\/2014\/11\/Offene-B%C3%BChne-Dresden-Oktober-2014-Stadtteilhaus-Wanne-Fotos-Marc-Knepper-Knepptec-18.jpg?resize=300%2C200&amp;ssl=1 300w, https:\/\/i0.wp.com\/www.offene-buehne-dresden.de\/wp-content\/uploads\/2014\/11\/Offene-B%C3%BChne-Dresden-Oktober-2014-Stadtteilhaus-Wanne-Fotos-Marc-Knepper-Knepptec-18.jpg?resize=600%2C400&amp;ssl=1 600w\" sizes=\"(max-width: 1000px) 100vw, 1000px\"><\/a><\/p><p>&nbsp;<\/p><p><a href=\"http:\/\/www.gruselgrotte.de\/\"><strong>pierre<\/strong><\/a> Il avait ses impressions d'un <a href=\"http:\/\/www.gruselgrotte.de\/kurzer-prosatext-in-dem-etwas-ironisch-satirisch-oder-witzig-kritisiert-wird\/\">balade<\/a> Il s'est rendu dans les gares de Dresde et a fait des remarques ironiquement s\u00e8ches.<\/p><p>&nbsp;<\/p><p><a href=\"https:\/\/i0.wp.com\/www.offene-buehne-dresden.de\/wp-content\/uploads\/2014\/11\/Offene-B%C3%BChne-Dresden-Oktober-2014-Stadtteilhaus-Wanne-Fotos-Marc-Knepper-Knepptec-23.jpg\"><img data-recalc-dims=\"1\" decoding=\"async\" data-attachment-id=\"9140\" data-permalink=\"https:\/\/www.offene-buehne-dresden.de\/fr\/offene-buehne-dresden-oktober-2014-stadtteilhaus-wanne-fotos-marc-knepper-knepptec-23\/\" data-orig-file=\"https:\/\/i0.wp.com\/www.offene-buehne-dresden.de\/wp-content\/uploads\/2014\/11\/Offene-B%C3%BChne-Dresden-Oktober-2014-Stadtteilhaus-Wanne-Fotos-Marc-Knepper-Knepptec-23.jpg?fit=1200%2C800&amp;ssl=1\" data-orig-size=\"1200,800\" data-comments-opened=\"1\" data-image-meta='{\"aperture\":\"0\",\"credit\":\"\",\"camera\":\"\",\"caption\":\"\",\"created_timestamp\":\"0\",\"copyright\":\"\",\"focal_length\":\"0\",\"iso\":\"0\",\"shutter_speed\":\"0\",\"title\":\"\",\"orientation\":\"0\"}' data-image-title=\"Offene-B&uuml;hne-Dresden-Oktober-2014-Stadtteilhaus-Wanne-Fotos-Marc-Knepper-Knepptec (23)\" data-image-description=\"\" data-image-caption=\"\" data-large-file=\"https:\/\/i0.wp.com\/www.offene-buehne-dresden.de\/wp-content\/uploads\/2014\/11\/Offene-B%C3%BChne-Dresden-Oktober-2014-Stadtteilhaus-Wanne-Fotos-Marc-Knepper-Knepptec-23.jpg?fit=1024%2C683&amp;ssl=1\" class=\"aligncenter size-full wp-image-9140\" style=\"box-shadow: 0 8px 6px -6px #000;\" src=\"https:\/\/i0.wp.com\/www.offene-buehne-dresden.de\/wp-content\/uploads\/2014\/11\/Offene-B%C3%BChne-Dresden-Oktober-2014-Stadtteilhaus-Wanne-Fotos-Marc-Knepper-Knepptec-23.jpg\" alt=\"Marc-Knepper-Knepptec de photos d&#039;\u00e9vier de maison de ville d&#039;Octobre 2014 de Dresde d&#039;\u00e9tape ouverte (23)\" srcset=\"https:\/\/i0.wp.com\/www.offene-buehne-dresden.de\/wp-content\/uploads\/2014\/11\/Offene-B%C3%BChne-Dresden-Oktober-2014-Stadtteilhaus-Wanne-Fotos-Marc-Knepper-Knepptec-23.jpg?w=1200&amp;ssl=1 1200w, https:\/\/i0.wp.com\/www.offene-buehne-dresden.de\/wp-content\/uploads\/2014\/11\/Offene-B%C3%BChne-Dresden-Oktober-2014-Stadtteilhaus-Wanne-Fotos-Marc-Knepper-Knepptec-23.jpg?resize=768%2C512&amp;ssl=1 768w, https:\/\/i0.wp.com\/www.offene-buehne-dresden.de\/wp-content\/uploads\/2014\/11\/Offene-B%C3%BChne-Dresden-Oktober-2014-Stadtteilhaus-Wanne-Fotos-Marc-Knepper-Knepptec-23.jpg?resize=1024%2C683&amp;ssl=1 1024w, https:\/\/i0.wp.com\/www.offene-buehne-dresden.de\/wp-content\/uploads\/2014\/11\/Offene-B%C3%BChne-Dresden-Oktober-2014-Stadtteilhaus-Wanne-Fotos-Marc-Knepper-Knepptec-23.jpg?resize=1064%2C709&amp;ssl=1 1064w, https:\/\/i0.wp.com\/www.offene-buehne-dresden.de\/wp-content\/uploads\/2014\/11\/Offene-B%C3%BChne-Dresden-Oktober-2014-Stadtteilhaus-Wanne-Fotos-Marc-Knepper-Knepptec-23.jpg?resize=716%2C477&amp;ssl=1 716w, https:\/\/i0.wp.com\/www.offene-buehne-dresden.de\/wp-content\/uploads\/2014\/11\/Offene-B%C3%BChne-Dresden-Oktober-2014-Stadtteilhaus-Wanne-Fotos-Marc-Knepper-Knepptec-23.jpg?resize=480%2C320&amp;ssl=1 480w, https:\/\/i0.wp.com\/www.offene-buehne-dresden.de\/wp-content\/uploads\/2014\/11\/Offene-B%C3%BChne-Dresden-Oktober-2014-Stadtteilhaus-Wanne-Fotos-Marc-Knepper-Knepptec-23.jpg?resize=300%2C200&amp;ssl=1 300w, https:\/\/i0.wp.com\/www.offene-buehne-dresden.de\/wp-content\/uploads\/2014\/11\/Offene-B%C3%BChne-Dresden-Oktober-2014-Stadtteilhaus-Wanne-Fotos-Marc-Knepper-Knepptec-23.jpg?resize=600%2C400&amp;ssl=1 600w\" sizes=\"(max-width: 1000px) 100vw, 1000px\"><\/a><\/p><p>&nbsp;<\/p><p><strong>maxi<\/strong> nous a de nouveau servi des chansons \u00abauto-couvertes\u00bb avec un air de chemin de fer. Tr\u00e8s cool!<\/p><p>&nbsp;<\/p><p><a href=\"https:\/\/i0.wp.com\/www.offene-buehne-dresden.de\/wp-content\/uploads\/2014\/11\/Offene-B%C3%BChne-Dresden-Oktober-2014-Stadtteilhaus-Wanne-Fotos-Marc-Knepper-Knepptec-31.jpg\"><img data-recalc-dims=\"1\" decoding=\"async\" data-attachment-id=\"9148\" data-permalink=\"https:\/\/www.offene-buehne-dresden.de\/fr\/offene-buehne-dresden-oktober-2014-stadtteilhaus-wanne-fotos-marc-knepper-knepptec-31\/\" data-orig-file=\"https:\/\/i0.wp.com\/www.offene-buehne-dresden.de\/wp-content\/uploads\/2014\/11\/Offene-B%C3%BChne-Dresden-Oktober-2014-Stadtteilhaus-Wanne-Fotos-Marc-Knepper-Knepptec-31.jpg?fit=1200%2C800&amp;ssl=1\" data-orig-size=\"1200,800\" data-comments-opened=\"1\" data-image-meta='{\"aperture\":\"0\",\"credit\":\"\",\"camera\":\"\",\"caption\":\"\",\"created_timestamp\":\"0\",\"copyright\":\"\",\"focal_length\":\"0\",\"iso\":\"0\",\"shutter_speed\":\"0\",\"title\":\"\",\"orientation\":\"0\"}' data-image-title=\"Offene-B&uuml;hne-Dresden-Oktober-2014-Stadtteilhaus-Wanne-Fotos-Marc-Knepper-Knepptec (31)\" data-image-description=\"\" data-image-caption=\"\" data-large-file=\"https:\/\/i0.wp.com\/www.offene-buehne-dresden.de\/wp-content\/uploads\/2014\/11\/Offene-B%C3%BChne-Dresden-Oktober-2014-Stadtteilhaus-Wanne-Fotos-Marc-Knepper-Knepptec-31.jpg?fit=1024%2C683&amp;ssl=1\" class=\"aligncenter wp-image-9148 size-full\" style=\"box-shadow: 0 8px 6px -6px #000;\" src=\"https:\/\/i0.wp.com\/www.offene-buehne-dresden.de\/wp-content\/uploads\/2014\/11\/Offene-B%C3%BChne-Dresden-Oktober-2014-Stadtteilhaus-Wanne-Fotos-Marc-Knepper-Knepptec-31.jpg\" alt=\"Sc\u00e8ne ouverte Dresde Octobre 2014 Maison de ville Baignoire Photos Marc Knepper Knepptec (31)\" srcset=\"https:\/\/i0.wp.com\/www.offene-buehne-dresden.de\/wp-content\/uploads\/2014\/11\/Offene-B%C3%BChne-Dresden-Oktober-2014-Stadtteilhaus-Wanne-Fotos-Marc-Knepper-Knepptec-31.jpg?w=1200&amp;ssl=1 1200w, https:\/\/i0.wp.com\/www.offene-buehne-dresden.de\/wp-content\/uploads\/2014\/11\/Offene-B%C3%BChne-Dresden-Oktober-2014-Stadtteilhaus-Wanne-Fotos-Marc-Knepper-Knepptec-31.jpg?resize=768%2C512&amp;ssl=1 768w, https:\/\/i0.wp.com\/www.offene-buehne-dresden.de\/wp-content\/uploads\/2014\/11\/Offene-B%C3%BChne-Dresden-Oktober-2014-Stadtteilhaus-Wanne-Fotos-Marc-Knepper-Knepptec-31.jpg?resize=1024%2C683&amp;ssl=1 1024w, https:\/\/i0.wp.com\/www.offene-buehne-dresden.de\/wp-content\/uploads\/2014\/11\/Offene-B%C3%BChne-Dresden-Oktober-2014-Stadtteilhaus-Wanne-Fotos-Marc-Knepper-Knepptec-31.jpg?resize=1064%2C709&amp;ssl=1 1064w, https:\/\/i0.wp.com\/www.offene-buehne-dresden.de\/wp-content\/uploads\/2014\/11\/Offene-B%C3%BChne-Dresden-Oktober-2014-Stadtteilhaus-Wanne-Fotos-Marc-Knepper-Knepptec-31.jpg?resize=716%2C477&amp;ssl=1 716w, https:\/\/i0.wp.com\/www.offene-buehne-dresden.de\/wp-content\/uploads\/2014\/11\/Offene-B%C3%BChne-Dresden-Oktober-2014-Stadtteilhaus-Wanne-Fotos-Marc-Knepper-Knepptec-31.jpg?resize=480%2C320&amp;ssl=1 480w, https:\/\/i0.wp.com\/www.offene-buehne-dresden.de\/wp-content\/uploads\/2014\/11\/Offene-B%C3%BChne-Dresden-Oktober-2014-Stadtteilhaus-Wanne-Fotos-Marc-Knepper-Knepptec-31.jpg?resize=300%2C200&amp;ssl=1 300w, https:\/\/i0.wp.com\/www.offene-buehne-dresden.de\/wp-content\/uploads\/2014\/11\/Offene-B%C3%BChne-Dresden-Oktober-2014-Stadtteilhaus-Wanne-Fotos-Marc-Knepper-Knepptec-31.jpg?resize=600%2C400&amp;ssl=1 600w\" sizes=\"(max-width: 1000px) 100vw, 1000px\"><\/a><\/p><p>&nbsp;<\/p><p><a href=\"http:\/\/dunkelblaubisgolden.de\/\"><strong>Doreen<\/strong><\/a> Il r\u00e9cita deux po\u00e8mes et enchanta de sa voix p\u00e9n\u00e9trante.<\/p><p>&nbsp;<\/p><p><a href=\"https:\/\/i0.wp.com\/www.offene-buehne-dresden.de\/wp-content\/uploads\/2014\/11\/Offene-B%C3%BChne-Dresden-Oktober-2014-Stadtteilhaus-Wanne-Fotos-Marc-Knepper-Knepptec-33.jpg\"><img data-recalc-dims=\"1\" decoding=\"async\" data-attachment-id=\"9150\" data-permalink=\"https:\/\/www.offene-buehne-dresden.de\/fr\/offene-buehne-dresden-oktober-2014-stadtteilhaus-wanne-fotos-marc-knepper-knepptec-33\/\" data-orig-file=\"https:\/\/i0.wp.com\/www.offene-buehne-dresden.de\/wp-content\/uploads\/2014\/11\/Offene-B%C3%BChne-Dresden-Oktober-2014-Stadtteilhaus-Wanne-Fotos-Marc-Knepper-Knepptec-33.jpg?fit=1200%2C800&amp;ssl=1\" data-orig-size=\"1200,800\" data-comments-opened=\"1\" data-image-meta='{\"aperture\":\"0\",\"credit\":\"\",\"camera\":\"\",\"caption\":\"\",\"created_timestamp\":\"0\",\"copyright\":\"\",\"focal_length\":\"0\",\"iso\":\"0\",\"shutter_speed\":\"0\",\"title\":\"\",\"orientation\":\"0\"}' data-image-title=\"Offene-B&uuml;hne-Dresden-Oktober-2014-Stadtteilhaus-Wanne-Fotos-Marc-Knepper-Knepptec (33)\" data-image-description=\"\" data-image-caption=\"\" data-large-file=\"https:\/\/i0.wp.com\/www.offene-buehne-dresden.de\/wp-content\/uploads\/2014\/11\/Offene-B%C3%BChne-Dresden-Oktober-2014-Stadtteilhaus-Wanne-Fotos-Marc-Knepper-Knepptec-33.jpg?fit=1024%2C683&amp;ssl=1\" class=\"aligncenter size-full wp-image-9150\" style=\"box-shadow: 0 8px 6px -6px #000;\" src=\"https:\/\/i0.wp.com\/www.offene-buehne-dresden.de\/wp-content\/uploads\/2014\/11\/Offene-B%C3%BChne-Dresden-Oktober-2014-Stadtteilhaus-Wanne-Fotos-Marc-Knepper-Knepptec-33.jpg\" alt=\"Sc\u00e8ne ouverte Dresde Octobre 2014 Maison de ville Baignoire Photos Marc Knepper Knepptec (33)\" srcset=\"https:\/\/i0.wp.com\/www.offene-buehne-dresden.de\/wp-content\/uploads\/2014\/11\/Offene-B%C3%BChne-Dresden-Oktober-2014-Stadtteilhaus-Wanne-Fotos-Marc-Knepper-Knepptec-33.jpg?w=1200&amp;ssl=1 1200w, https:\/\/i0.wp.com\/www.offene-buehne-dresden.de\/wp-content\/uploads\/2014\/11\/Offene-B%C3%BChne-Dresden-Oktober-2014-Stadtteilhaus-Wanne-Fotos-Marc-Knepper-Knepptec-33.jpg?resize=768%2C512&amp;ssl=1 768w, https:\/\/i0.wp.com\/www.offene-buehne-dresden.de\/wp-content\/uploads\/2014\/11\/Offene-B%C3%BChne-Dresden-Oktober-2014-Stadtteilhaus-Wanne-Fotos-Marc-Knepper-Knepptec-33.jpg?resize=1024%2C683&amp;ssl=1 1024w, https:\/\/i0.wp.com\/www.offene-buehne-dresden.de\/wp-content\/uploads\/2014\/11\/Offene-B%C3%BChne-Dresden-Oktober-2014-Stadtteilhaus-Wanne-Fotos-Marc-Knepper-Knepptec-33.jpg?resize=1064%2C709&amp;ssl=1 1064w, https:\/\/i0.wp.com\/www.offene-buehne-dresden.de\/wp-content\/uploads\/2014\/11\/Offene-B%C3%BChne-Dresden-Oktober-2014-Stadtteilhaus-Wanne-Fotos-Marc-Knepper-Knepptec-33.jpg?resize=716%2C477&amp;ssl=1 716w, https:\/\/i0.wp.com\/www.offene-buehne-dresden.de\/wp-content\/uploads\/2014\/11\/Offene-B%C3%BChne-Dresden-Oktober-2014-Stadtteilhaus-Wanne-Fotos-Marc-Knepper-Knepptec-33.jpg?resize=480%2C320&amp;ssl=1 480w, https:\/\/i0.wp.com\/www.offene-buehne-dresden.de\/wp-content\/uploads\/2014\/11\/Offene-B%C3%BChne-Dresden-Oktober-2014-Stadtteilhaus-Wanne-Fotos-Marc-Knepper-Knepptec-33.jpg?resize=300%2C200&amp;ssl=1 300w, https:\/\/i0.wp.com\/www.offene-buehne-dresden.de\/wp-content\/uploads\/2014\/11\/Offene-B%C3%BChne-Dresden-Oktober-2014-Stadtteilhaus-Wanne-Fotos-Marc-Knepper-Knepptec-33.jpg?resize=600%2C400&amp;ssl=1 600w\" sizes=\"(max-width: 1000px) 100vw, 1000px\"><\/a><\/p><p>&nbsp;<\/p><p><strong>Friedemann<\/strong> Cette fois-ci, il est venu seul et nous a apport\u00e9 de la musique d'\u00e9nigme. Parfois, c'est compliqu\u00e9!<\/p><p>&nbsp;<\/p><p><a href=\"https:\/\/i0.wp.com\/www.offene-buehne-dresden.de\/wp-content\/uploads\/2014\/11\/Offene-B%C3%BChne-Dresden-Oktober-2014-Stadtteilhaus-Wanne-Fotos-Marc-Knepper-Knepptec-35.jpg\"><img data-recalc-dims=\"1\" decoding=\"async\" data-attachment-id=\"9152\" data-permalink=\"https:\/\/www.offene-buehne-dresden.de\/fr\/offene-buehne-dresden-oktober-2014-stadtteilhaus-wanne-fotos-marc-knepper-knepptec-35\/\" data-orig-file=\"https:\/\/i0.wp.com\/www.offene-buehne-dresden.de\/wp-content\/uploads\/2014\/11\/Offene-B%C3%BChne-Dresden-Oktober-2014-Stadtteilhaus-Wanne-Fotos-Marc-Knepper-Knepptec-35.jpg?fit=1200%2C800&amp;ssl=1\" data-orig-size=\"1200,800\" data-comments-opened=\"1\" data-image-meta='{\"aperture\":\"0\",\"credit\":\"\",\"camera\":\"\",\"caption\":\"\",\"created_timestamp\":\"0\",\"copyright\":\"\",\"focal_length\":\"0\",\"iso\":\"0\",\"shutter_speed\":\"0\",\"title\":\"\",\"orientation\":\"0\"}' data-image-title=\"Offene-B&uuml;hne-Dresden-Oktober-2014-Stadtteilhaus-Wanne-Fotos-Marc-Knepper-Knepptec (35)\" data-image-description=\"\" data-image-caption=\"\" data-large-file=\"https:\/\/i0.wp.com\/www.offene-buehne-dresden.de\/wp-content\/uploads\/2014\/11\/Offene-B%C3%BChne-Dresden-Oktober-2014-Stadtteilhaus-Wanne-Fotos-Marc-Knepper-Knepptec-35.jpg?fit=1024%2C683&amp;ssl=1\" class=\"aligncenter size-full wp-image-9152\" style=\"box-shadow: 0 8px 6px -6px #000;\" src=\"https:\/\/i0.wp.com\/www.offene-buehne-dresden.de\/wp-content\/uploads\/2014\/11\/Offene-B%C3%BChne-Dresden-Oktober-2014-Stadtteilhaus-Wanne-Fotos-Marc-Knepper-Knepptec-35.jpg\" alt=\"Sc\u00e8ne ouverte Dresde Octobre 2014 Maison de ville Baignoire Photos Marc Knepper Knepptec (35)\" srcset=\"https:\/\/i0.wp.com\/www.offene-buehne-dresden.de\/wp-content\/uploads\/2014\/11\/Offene-B%C3%BChne-Dresden-Oktober-2014-Stadtteilhaus-Wanne-Fotos-Marc-Knepper-Knepptec-35.jpg?w=1200&amp;ssl=1 1200w, https:\/\/i0.wp.com\/www.offene-buehne-dresden.de\/wp-content\/uploads\/2014\/11\/Offene-B%C3%BChne-Dresden-Oktober-2014-Stadtteilhaus-Wanne-Fotos-Marc-Knepper-Knepptec-35.jpg?resize=768%2C512&amp;ssl=1 768w, https:\/\/i0.wp.com\/www.offene-buehne-dresden.de\/wp-content\/uploads\/2014\/11\/Offene-B%C3%BChne-Dresden-Oktober-2014-Stadtteilhaus-Wanne-Fotos-Marc-Knepper-Knepptec-35.jpg?resize=1024%2C683&amp;ssl=1 1024w, https:\/\/i0.wp.com\/www.offene-buehne-dresden.de\/wp-content\/uploads\/2014\/11\/Offene-B%C3%BChne-Dresden-Oktober-2014-Stadtteilhaus-Wanne-Fotos-Marc-Knepper-Knepptec-35.jpg?resize=1064%2C709&amp;ssl=1 1064w, https:\/\/i0.wp.com\/www.offene-buehne-dresden.de\/wp-content\/uploads\/2014\/11\/Offene-B%C3%BChne-Dresden-Oktober-2014-Stadtteilhaus-Wanne-Fotos-Marc-Knepper-Knepptec-35.jpg?resize=716%2C477&amp;ssl=1 716w, https:\/\/i0.wp.com\/www.offene-buehne-dresden.de\/wp-content\/uploads\/2014\/11\/Offene-B%C3%BChne-Dresden-Oktober-2014-Stadtteilhaus-Wanne-Fotos-Marc-Knepper-Knepptec-35.jpg?resize=480%2C320&amp;ssl=1 480w, https:\/\/i0.wp.com\/www.offene-buehne-dresden.de\/wp-content\/uploads\/2014\/11\/Offene-B%C3%BChne-Dresden-Oktober-2014-Stadtteilhaus-Wanne-Fotos-Marc-Knepper-Knepptec-35.jpg?resize=300%2C200&amp;ssl=1 300w, https:\/\/i0.wp.com\/www.offene-buehne-dresden.de\/wp-content\/uploads\/2014\/11\/Offene-B%C3%BChne-Dresden-Oktober-2014-Stadtteilhaus-Wanne-Fotos-Marc-Knepper-Knepptec-35.jpg?resize=600%2C400&amp;ssl=1 600w\" sizes=\"(max-width: 1000px) 100vw, 1000px\"><\/a><\/p><p><strong>Robby<\/strong> Apr\u00e8s une longue p\u00e9riode, il \u00e9tait de retour chez nous et lisait des textes critiques pour la soci\u00e9t\u00e9.<\/p><p>&nbsp;<\/p><p><a href=\"https:\/\/i0.wp.com\/www.offene-buehne-dresden.de\/wp-content\/uploads\/2014\/11\/Offene-B%C3%BChne-Dresden-Oktober-2014-Stadtteilhaus-Wanne-Fotos-Marc-Knepper-Knepptec-38.jpg\"><img data-recalc-dims=\"1\" decoding=\"async\" data-attachment-id=\"9155\" data-permalink=\"https:\/\/www.offene-buehne-dresden.de\/fr\/offene-buehne-dresden-oktober-2014-stadtteilhaus-wanne-fotos-marc-knepper-knepptec-38\/\" data-orig-file=\"https:\/\/i0.wp.com\/www.offene-buehne-dresden.de\/wp-content\/uploads\/2014\/11\/Offene-B%C3%BChne-Dresden-Oktober-2014-Stadtteilhaus-Wanne-Fotos-Marc-Knepper-Knepptec-38.jpg?fit=1200%2C800&amp;ssl=1\" data-orig-size=\"1200,800\" data-comments-opened=\"1\" data-image-meta='{\"aperture\":\"0\",\"credit\":\"\",\"camera\":\"\",\"caption\":\"\",\"created_timestamp\":\"0\",\"copyright\":\"\",\"focal_length\":\"0\",\"iso\":\"0\",\"shutter_speed\":\"0\",\"title\":\"\",\"orientation\":\"0\"}' data-image-title=\"Offene-B&uuml;hne-Dresden-Oktober-2014-Stadtteilhaus-Wanne-Fotos-Marc-Knepper-Knepptec (38)\" data-image-description=\"\" data-image-caption=\"\" data-large-file=\"https:\/\/i0.wp.com\/www.offene-buehne-dresden.de\/wp-content\/uploads\/2014\/11\/Offene-B%C3%BChne-Dresden-Oktober-2014-Stadtteilhaus-Wanne-Fotos-Marc-Knepper-Knepptec-38.jpg?fit=1024%2C683&amp;ssl=1\" class=\"aligncenter size-full wp-image-9155\" style=\"box-shadow: 0 8px 6px -6px #000;\" src=\"https:\/\/i0.wp.com\/www.offene-buehne-dresden.de\/wp-content\/uploads\/2014\/11\/Offene-B%C3%BChne-Dresden-Oktober-2014-Stadtteilhaus-Wanne-Fotos-Marc-Knepper-Knepptec-38.jpg\" alt=\"Sc\u00e8ne ouverte Dresde Octobre 2014 Maison de ville Baignoire Photos Marc Knepper Knepptec (38)\" srcset=\"https:\/\/i0.wp.com\/www.offene-buehne-dresden.de\/wp-content\/uploads\/2014\/11\/Offene-B%C3%BChne-Dresden-Oktober-2014-Stadtteilhaus-Wanne-Fotos-Marc-Knepper-Knepptec-38.jpg?w=1200&amp;ssl=1 1200w, https:\/\/i0.wp.com\/www.offene-buehne-dresden.de\/wp-content\/uploads\/2014\/11\/Offene-B%C3%BChne-Dresden-Oktober-2014-Stadtteilhaus-Wanne-Fotos-Marc-Knepper-Knepptec-38.jpg?resize=768%2C512&amp;ssl=1 768w, https:\/\/i0.wp.com\/www.offene-buehne-dresden.de\/wp-content\/uploads\/2014\/11\/Offene-B%C3%BChne-Dresden-Oktober-2014-Stadtteilhaus-Wanne-Fotos-Marc-Knepper-Knepptec-38.jpg?resize=1024%2C683&amp;ssl=1 1024w, https:\/\/i0.wp.com\/www.offene-buehne-dresden.de\/wp-content\/uploads\/2014\/11\/Offene-B%C3%BChne-Dresden-Oktober-2014-Stadtteilhaus-Wanne-Fotos-Marc-Knepper-Knepptec-38.jpg?resize=1064%2C709&amp;ssl=1 1064w, https:\/\/i0.wp.com\/www.offene-buehne-dresden.de\/wp-content\/uploads\/2014\/11\/Offene-B%C3%BChne-Dresden-Oktober-2014-Stadtteilhaus-Wanne-Fotos-Marc-Knepper-Knepptec-38.jpg?resize=716%2C477&amp;ssl=1 716w, https:\/\/i0.wp.com\/www.offene-buehne-dresden.de\/wp-content\/uploads\/2014\/11\/Offene-B%C3%BChne-Dresden-Oktober-2014-Stadtteilhaus-Wanne-Fotos-Marc-Knepper-Knepptec-38.jpg?resize=480%2C320&amp;ssl=1 480w, https:\/\/i0.wp.com\/www.offene-buehne-dresden.de\/wp-content\/uploads\/2014\/11\/Offene-B%C3%BChne-Dresden-Oktober-2014-Stadtteilhaus-Wanne-Fotos-Marc-Knepper-Knepptec-38.jpg?resize=300%2C200&amp;ssl=1 300w, https:\/\/i0.wp.com\/www.offene-buehne-dresden.de\/wp-content\/uploads\/2014\/11\/Offene-B%C3%BChne-Dresden-Oktober-2014-Stadtteilhaus-Wanne-Fotos-Marc-Knepper-Knepptec-38.jpg?resize=600%2C400&amp;ssl=1 600w\" sizes=\"(max-width: 1000px) 100vw, 1000px\"><\/a><\/p><p>Avec <strong>Dennis Woodcock<\/strong> Un musicien de rue de Londres nous a rendu visite. Il a jou\u00e9 des chansons pop sur sa guitare.<\/p><p>&nbsp;<\/p><p><a href=\"https:\/\/i0.wp.com\/www.offene-buehne-dresden.de\/wp-content\/uploads\/2014\/11\/Offene-B%C3%BChne-Dresden-Oktober-2014-Stadtteilhaus-Wanne-Fotos-Marc-Knepper-Knepptec-40.jpg\"><img data-recalc-dims=\"1\" decoding=\"async\" data-attachment-id=\"9157\" data-permalink=\"https:\/\/www.offene-buehne-dresden.de\/fr\/offene-buehne-dresden-oktober-2014-stadtteilhaus-wanne-fotos-marc-knepper-knepptec-40\/\" data-orig-file=\"https:\/\/i0.wp.com\/www.offene-buehne-dresden.de\/wp-content\/uploads\/2014\/11\/Offene-B%C3%BChne-Dresden-Oktober-2014-Stadtteilhaus-Wanne-Fotos-Marc-Knepper-Knepptec-40.jpg?fit=1200%2C800&amp;ssl=1\" data-orig-size=\"1200,800\" data-comments-opened=\"1\" data-image-meta='{\"aperture\":\"0\",\"credit\":\"\",\"camera\":\"\",\"caption\":\"\",\"created_timestamp\":\"0\",\"copyright\":\"\",\"focal_length\":\"0\",\"iso\":\"0\",\"shutter_speed\":\"0\",\"title\":\"\",\"orientation\":\"0\"}' data-image-title=\"Offene-B&uuml;hne-Dresden-Oktober-2014-Stadtteilhaus-Wanne-Fotos-Marc-Knepper-Knepptec (40)\" data-image-description=\"\" data-image-caption=\"\" data-large-file=\"https:\/\/i0.wp.com\/www.offene-buehne-dresden.de\/wp-content\/uploads\/2014\/11\/Offene-B%C3%BChne-Dresden-Oktober-2014-Stadtteilhaus-Wanne-Fotos-Marc-Knepper-Knepptec-40.jpg?fit=1024%2C683&amp;ssl=1\" class=\"aligncenter size-full wp-image-9157\" style=\"box-shadow: 0 8px 6px -6px #000;\" src=\"https:\/\/i0.wp.com\/www.offene-buehne-dresden.de\/wp-content\/uploads\/2014\/11\/Offene-B%C3%BChne-Dresden-Oktober-2014-Stadtteilhaus-Wanne-Fotos-Marc-Knepper-Knepptec-40.jpg\" alt=\"Sc\u00e8ne ouverte Dresde Octobre 2014 Maison de ville Baignoire Photos Marc Knepper Knepptec (40)\" srcset=\"https:\/\/i0.wp.com\/www.offene-buehne-dresden.de\/wp-content\/uploads\/2014\/11\/Offene-B%C3%BChne-Dresden-Oktober-2014-Stadtteilhaus-Wanne-Fotos-Marc-Knepper-Knepptec-40.jpg?w=1200&amp;ssl=1 1200w, https:\/\/i0.wp.com\/www.offene-buehne-dresden.de\/wp-content\/uploads\/2014\/11\/Offene-B%C3%BChne-Dresden-Oktober-2014-Stadtteilhaus-Wanne-Fotos-Marc-Knepper-Knepptec-40.jpg?resize=768%2C512&amp;ssl=1 768w, https:\/\/i0.wp.com\/www.offene-buehne-dresden.de\/wp-content\/uploads\/2014\/11\/Offene-B%C3%BChne-Dresden-Oktober-2014-Stadtteilhaus-Wanne-Fotos-Marc-Knepper-Knepptec-40.jpg?resize=1024%2C683&amp;ssl=1 1024w, https:\/\/i0.wp.com\/www.offene-buehne-dresden.de\/wp-content\/uploads\/2014\/11\/Offene-B%C3%BChne-Dresden-Oktober-2014-Stadtteilhaus-Wanne-Fotos-Marc-Knepper-Knepptec-40.jpg?resize=1064%2C709&amp;ssl=1 1064w, https:\/\/i0.wp.com\/www.offene-buehne-dresden.de\/wp-content\/uploads\/2014\/11\/Offene-B%C3%BChne-Dresden-Oktober-2014-Stadtteilhaus-Wanne-Fotos-Marc-Knepper-Knepptec-40.jpg?resize=716%2C477&amp;ssl=1 716w, https:\/\/i0.wp.com\/www.offene-buehne-dresden.de\/wp-content\/uploads\/2014\/11\/Offene-B%C3%BChne-Dresden-Oktober-2014-Stadtteilhaus-Wanne-Fotos-Marc-Knepper-Knepptec-40.jpg?resize=480%2C320&amp;ssl=1 480w, https:\/\/i0.wp.com\/www.offene-buehne-dresden.de\/wp-content\/uploads\/2014\/11\/Offene-B%C3%BChne-Dresden-Oktober-2014-Stadtteilhaus-Wanne-Fotos-Marc-Knepper-Knepptec-40.jpg?resize=300%2C200&amp;ssl=1 300w, https:\/\/i0.wp.com\/www.offene-buehne-dresden.de\/wp-content\/uploads\/2014\/11\/Offene-B%C3%BChne-Dresden-Oktober-2014-Stadtteilhaus-Wanne-Fotos-Marc-Knepper-Knepptec-40.jpg?resize=600%2C400&amp;ssl=1 600w\" sizes=\"(max-width: 1000px) 100vw, 1000px\"><\/a><\/p><p>&nbsp;<\/p><p><span class=\"fsl\"><strong>Michael Hagmaier<\/strong> Il a particip\u00e9 \u00e0 plusieurs slams de po\u00e9sie. Avec nous, il a pr\u00e9sent\u00e9 un texte surr\u00e9aliste sur la cr\u00e8me glac\u00e9e.<br>\n<\/span><\/p><p>&nbsp;<\/p><p>&nbsp;<\/p><p>De plus, nous avions un <strong>Les musiciens spontan\u00e9s<\/strong>, Qui jouait une chanson d'amour.<\/p><p><em>Avec quelques chansons de Wilder Mohn, cette soir\u00e9e tr\u00e8s diversifi\u00e9e s'est termin\u00e9e. Nous avons vu beaucoup de messages courts, nous avons ri, nous avons pleur\u00e9 et nous avons tous \u00e9t\u00e9 ravis \u00e0 la fin. Merci \u00e0 tous les artistes et \u00e0 un grand public!<\/em><\/p><\/p>","protected":false},"excerpt":{"rendered":"<p>Der Herbst ist in voller Bl&uuml;te &ndash; und genauso bl&uuml;hend vor Inspiration und guten Beitr&auml;gen war die Offene B&uuml;hne im&hellip;<\/p>","protected":false},"author":10,"featured_media":9165,"comment_status":"closed","ping_status":"closed","sticky":false,"template":"","format":"standard","meta":{"ngg_post_thumbnail":0,"_jetpack_memberships_contains_paid_content":false,"wds_primary_category":0,"footnotes":""},"categories":[69],"tags":[],"class_list":["post-9287","post","type-post","status-publish","format-standard","has-post-thumbnail","hentry","category-oktober-2014","wpcat-69-id"],"jetpack_featured_media_url":"https:\/\/i0.wp.com\/www.offene-buehne-dresden.de\/wp-content\/uploads\/2014\/11\/Offene-B%C3%BChne-Dresden-Oktober-2014-Stadtteilhaus-Wanne-Fotos-Marc-Knepper-Knepptec-48.jpg?fit=1200%2C800&ssl=1","jetpack_sharing_enabled":true,"_links":{"self":[{"href":"https:\/\/www.offene-buehne-dresden.de\/fr\/wp-json\/wp\/v2\/posts\/9287","targetHints":{"allow":["GET"]}}],"collection":[{"href":"https:\/\/www.offene-buehne-dresden.de\/fr\/wp-json\/wp\/v2\/posts"}],"about":[{"href":"https:\/\/www.offene-buehne-dresden.de\/fr\/wp-json\/wp\/v2\/types\/post"}],"author":[{"embeddable":true,"href":"https:\/\/www.offene-buehne-dresden.de\/fr\/wp-json\/wp\/v2\/users\/10"}],"replies":[{"embeddable":true,"href":"https:\/\/www.offene-buehne-dresden.de\/fr\/wp-json\/wp\/v2\/comments?post=9287"}],"version-history":[{"count":10,"href":"https:\/\/www.offene-buehne-dresden.de\/fr\/wp-json\/wp\/v2\/posts\/9287\/revisions"}],"predecessor-version":[{"id":9364,"href":"https:\/\/www.offene-buehne-dresden.de\/fr\/wp-json\/wp\/v2\/posts\/9287\/revisions\/9364"}],"wp:featuredmedia":[{"embeddable":true,"href":"https:\/\/www.offene-buehne-dresden.de\/fr\/wp-json\/wp\/v2\/media\/9165"}],"wp:attachment":[{"href":"https:\/\/www.offene-buehne-dresden.de\/fr\/wp-json\/wp\/v2\/media?parent=9287"}],"wp:term":[{"taxonomy":"category","embeddable":true,"href":"https:\/\/www.offene-buehne-dresden.de\/fr\/wp-json\/wp\/v2\/categories?post=9287"},{"taxonomy":"post_tag","embeddable":true,"href":"https:\/\/www.offene-buehne-dresden.de\/fr\/wp-json\/wp\/v2\/tags?post=9287"}],"curies":[{"name":"wp","href":"https:\/\/api.w.org\/{rel}","templated":true}]}}