{"id":899,"date":"2011-08-25T16:16:38","date_gmt":"2011-08-25T14:16:38","guid":{"rendered":"http:\/\/www.offene-buehne-dresden.de\/?p=899"},"modified":"2019-08-17T19:09:19","modified_gmt":"2019-08-17T18:09:19","slug":"28-august-offene-buhne-geht-wieder-los","status":"publish","type":"post","link":"https:\/\/www.offene-buehne-dresden.de\/fr\/28-august-offene-buhne-geht-wieder-los\/","title":{"rendered":"<p>28 ao\u00fbt \u2013 Reprise de la sc\u00e8ne ouverte<\/p>"},"content":{"rendered":"<p>Bonjour les amis de la culture de la sc\u00e8ne ouverte,<p>Ce dimanche (20h00), apr\u00e8s une courte pause estivale, la sc\u00e8ne ouverte reprendra \u00e0 l'endroit habituel de l'usine bleue. Onze artistes ou projets tr\u00e8s diff\u00e9rents, de nature musicale, litt\u00e9raire, comique ou surprenante, se sont impos\u00e9s.\u00a0 Difficile maintenant de sortir quelqu'un des visages familiers et nouveaux. \u00a0Une soir\u00e9e encore plus divertissante, qui laisse encore un peu de place pour des contributions spontan\u00e9es, sera omnipr\u00e9sente.\u00a0Comme d'habitude, entr\u00e9e gratuite.\u00a0\u00a0Ah oui \u2026, on peut d'ailleurs encore y aller apr\u00e8s la f\u00eate du brochet.<\/p><p>Salutations et jusqu'\u00e0 dimanche stephen b. et le b ouvert.<\/p><p>&nbsp;<\/p><p>&nbsp;<\/p><p>&nbsp;<\/p><p>&nbsp;<\/p><\/p>","protected":false},"excerpt":{"rendered":"<p>Hallo Freunde der Offenen B&uuml;hnen Kultur, diesen Sonntag&nbsp;(20.00 Uhr) startet nach dem kurzen Sommerp&auml;uschen&nbsp;die Offene B&uuml;hne wieder am gewohnten Ort&hellip;<\/p>","protected":false},"author":11,"featured_media":0,"comment_status":"closed","ping_status":"closed","sticky":false,"template":"","format":"standard","meta":{"ngg_post_thumbnail":0,"_jetpack_memberships_contains_paid_content":false,"wds_primary_category":0,"footnotes":""},"categories":[1],"tags":[],"class_list":["post-899","post","type-post","status-publish","format-standard","hentry","category-allgemein","wpcat-1-id"],"jetpack_featured_media_url":"","jetpack_sharing_enabled":true,"_links":{"self":[{"href":"https:\/\/www.offene-buehne-dresden.de\/fr\/wp-json\/wp\/v2\/posts\/899","targetHints":{"allow":["GET"]}}],"collection":[{"href":"https:\/\/www.offene-buehne-dresden.de\/fr\/wp-json\/wp\/v2\/posts"}],"about":[{"href":"https:\/\/www.offene-buehne-dresden.de\/fr\/wp-json\/wp\/v2\/types\/post"}],"author":[{"embeddable":true,"href":"https:\/\/www.offene-buehne-dresden.de\/fr\/wp-json\/wp\/v2\/users\/11"}],"replies":[{"embeddable":true,"href":"https:\/\/www.offene-buehne-dresden.de\/fr\/wp-json\/wp\/v2\/comments?post=899"}],"version-history":[{"count":1,"href":"https:\/\/www.offene-buehne-dresden.de\/fr\/wp-json\/wp\/v2\/posts\/899\/revisions"}],"predecessor-version":[{"id":5913,"href":"https:\/\/www.offene-buehne-dresden.de\/fr\/wp-json\/wp\/v2\/posts\/899\/revisions\/5913"}],"wp:attachment":[{"href":"https:\/\/www.offene-buehne-dresden.de\/fr\/wp-json\/wp\/v2\/media?parent=899"}],"wp:term":[{"taxonomy":"category","embeddable":true,"href":"https:\/\/www.offene-buehne-dresden.de\/fr\/wp-json\/wp\/v2\/categories?post=899"},{"taxonomy":"post_tag","embeddable":true,"href":"https:\/\/www.offene-buehne-dresden.de\/fr\/wp-json\/wp\/v2\/tags?post=899"}],"curies":[{"name":"wp","href":"https:\/\/api.w.org\/{rel}","templated":true}]}}