{"id":1325,"date":"2013-05-20T17:19:41","date_gmt":"2013-05-20T15:19:41","guid":{"rendered":"http:\/\/www.offene-buehne-dresden.de\/?p=1325"},"modified":"2014-08-16T09:42:14","modified_gmt":"2014-08-16T07:42:14","slug":"die-maibuhne-nahert-sich-mit-hoher-geschwindigkeit","status":"publish","type":"post","link":"https:\/\/www.offene-buehne-dresden.de\/fr\/die-maibuhne-nahert-sich-mit-hoher-geschwindigkeit\/","title":{"rendered":"<p>La sc\u00e8ne de mai s'approche \u00e0 grande vitesse.<\/p>"},"content":{"rendered":"<p>Bonjour chers amis,<p>C'est bient\u00f4t de retour! La sc\u00e8ne de mai approche \u00e0 grande vitesse, cette fois avec le cadre \u00abPalmstr\u00f6m\u00bb. Il reste encore tr\u00e8s peu de places disponibles, peut-\u00eatre pour des apparitions spontan\u00e9es. Et, comme toujours, notre sc\u00e8ne reste ouverte \u00e0 la musique, \u00e0 la po\u00e9sie et aux diff\u00e9rentes possibilit\u00e9s de l'art mineur? nous sommes impatients de vous accueillir!<\/p><p>Stefan C, Patu, Felix, Marc, Georg et l'OB<\/p><\/p>","protected":false},"excerpt":{"rendered":"<p>Hallo liebe Leute, es ist bald wieder soweit! Die Maib&uuml;hne n&auml;hert sich mit hoher Geschwindigkeit, diesmal mit der Rahmenband &bdquo;Palmstr&ouml;m&ldquo;&hellip;.<\/p>","protected":false},"author":3,"featured_media":6048,"comment_status":"closed","ping_status":"closed","sticky":false,"template":"","format":"standard","meta":{"ngg_post_thumbnail":0,"_jetpack_memberships_contains_paid_content":false,"wds_primary_category":0,"footnotes":""},"categories":[1],"tags":[],"class_list":["post-1325","post","type-post","status-publish","format-standard","has-post-thumbnail","hentry","category-allgemein","wpcat-1-id"],"jetpack_featured_media_url":"https:\/\/i0.wp.com\/www.offene-buehne-dresden.de\/wp-content\/uploads\/ngg_featured\/100_4439-scaled.jpg?fit=1705%2C2560&ssl=1","jetpack_sharing_enabled":true,"_links":{"self":[{"href":"https:\/\/www.offene-buehne-dresden.de\/fr\/wp-json\/wp\/v2\/posts\/1325","targetHints":{"allow":["GET"]}}],"collection":[{"href":"https:\/\/www.offene-buehne-dresden.de\/fr\/wp-json\/wp\/v2\/posts"}],"about":[{"href":"https:\/\/www.offene-buehne-dresden.de\/fr\/wp-json\/wp\/v2\/types\/post"}],"author":[{"embeddable":true,"href":"https:\/\/www.offene-buehne-dresden.de\/fr\/wp-json\/wp\/v2\/users\/3"}],"replies":[{"embeddable":true,"href":"https:\/\/www.offene-buehne-dresden.de\/fr\/wp-json\/wp\/v2\/comments?post=1325"}],"version-history":[{"count":1,"href":"https:\/\/www.offene-buehne-dresden.de\/fr\/wp-json\/wp\/v2\/posts\/1325\/revisions"}],"predecessor-version":[{"id":5857,"href":"https:\/\/www.offene-buehne-dresden.de\/fr\/wp-json\/wp\/v2\/posts\/1325\/revisions\/5857"}],"wp:featuredmedia":[{"embeddable":true,"href":"https:\/\/www.offene-buehne-dresden.de\/fr\/wp-json\/wp\/v2\/media\/6048"}],"wp:attachment":[{"href":"https:\/\/www.offene-buehne-dresden.de\/fr\/wp-json\/wp\/v2\/media?parent=1325"}],"wp:term":[{"taxonomy":"category","embeddable":true,"href":"https:\/\/www.offene-buehne-dresden.de\/fr\/wp-json\/wp\/v2\/categories?post=1325"},{"taxonomy":"post_tag","embeddable":true,"href":"https:\/\/www.offene-buehne-dresden.de\/fr\/wp-json\/wp\/v2\/tags?post=1325"}],"curies":[{"name":"wp","href":"https:\/\/api.w.org\/{rel}","templated":true}]}}