{"id":1268,"date":"2013-03-27T22:59:04","date_gmt":"2013-03-27T21:59:04","guid":{"rendered":"http:\/\/www.offene-buehne-dresden.de\/?p=1268"},"modified":"2014-08-16T09:49:52","modified_gmt":"2014-08-16T07:49:52","slug":"die-offene-osterbuhne-in-der-blauen-fabrik","status":"publish","type":"post","link":"https:\/\/www.offene-buehne-dresden.de\/fr\/die-offene-osterbuhne-in-der-blauen-fabrik\/","title":{"rendered":"<p>La sc\u00e8ne de P\u00e2ques ouverte \u00e0 l'usine bleue<\/p>"},"content":{"rendered":"<p>Hall\u00f6 ch\u00e8res personnes,<p>notre conseil d'excursion pour le dimanche soir: P\u00e2ques culturelle \u00e0 l'est de la Neustadt ext\u00e9rieure, donc concr\u00e8tement 20 heures \u00e0 l'usine bleue pour la sc\u00e8ne ouverte. Ce qui est tout \u00e0 fait une excursion dans les montagnes, car le groupe \u00abMountain High\u00bb jouera la soir\u00e9e acoustiquement. De plus, un programme complet de paroles chant\u00e9es, lues et parl\u00e9es, de divers instruments de musique et d'\u00e9l\u00e9ments surprenants nous attend \u00e0 nouveau.<\/p><p>Les r\u00e9servations c\u00f4t\u00e9 sc\u00e8ne ne sont malheureusement plus possibles pour cette soir\u00e9e, mais la sc\u00e8ne ouverte se poursuit en avril avec un nouvel \u00e9lan.<\/p><p>Salutations joyeuses<br>\nstephen b. et l'OB<\/p><p>Veuillez noter que l\u2019heure d\u2019\u00e9t\u00e9 d\u2019Europe centrale commence \u00e0 20 heures. J'esp\u00e8re que le printemps ne ralentira pas ce rendez-vous.<\/p><\/p>","protected":false},"excerpt":{"rendered":"<p>Hall&ouml; liebe Leute, unser Ausflugtipp f&uuml;r Sonntagabend: kulturelle Ostern im Osten der &Auml;u&szlig;eren Neustadt also konkret 20 Uhr in der&hellip;<\/p>","protected":false},"author":11,"featured_media":6059,"comment_status":"closed","ping_status":"closed","sticky":false,"template":"","format":"standard","meta":{"ngg_post_thumbnail":0,"_jetpack_memberships_contains_paid_content":false,"wds_primary_category":0,"footnotes":""},"categories":[1],"tags":[],"class_list":["post-1268","post","type-post","status-publish","format-standard","has-post-thumbnail","hentry","category-allgemein","wpcat-1-id"],"jetpack_featured_media_url":"https:\/\/i0.wp.com\/www.offene-buehne-dresden.de\/wp-content\/uploads\/ngg_featured\/dsc_8005.jpg?fit=1280%2C848&ssl=1","jetpack_sharing_enabled":true,"_links":{"self":[{"href":"https:\/\/www.offene-buehne-dresden.de\/fr\/wp-json\/wp\/v2\/posts\/1268","targetHints":{"allow":["GET"]}}],"collection":[{"href":"https:\/\/www.offene-buehne-dresden.de\/fr\/wp-json\/wp\/v2\/posts"}],"about":[{"href":"https:\/\/www.offene-buehne-dresden.de\/fr\/wp-json\/wp\/v2\/types\/post"}],"author":[{"embeddable":true,"href":"https:\/\/www.offene-buehne-dresden.de\/fr\/wp-json\/wp\/v2\/users\/11"}],"replies":[{"embeddable":true,"href":"https:\/\/www.offene-buehne-dresden.de\/fr\/wp-json\/wp\/v2\/comments?post=1268"}],"version-history":[{"count":2,"href":"https:\/\/www.offene-buehne-dresden.de\/fr\/wp-json\/wp\/v2\/posts\/1268\/revisions"}],"predecessor-version":[{"id":6060,"href":"https:\/\/www.offene-buehne-dresden.de\/fr\/wp-json\/wp\/v2\/posts\/1268\/revisions\/6060"}],"wp:featuredmedia":[{"embeddable":true,"href":"https:\/\/www.offene-buehne-dresden.de\/fr\/wp-json\/wp\/v2\/media\/6059"}],"wp:attachment":[{"href":"https:\/\/www.offene-buehne-dresden.de\/fr\/wp-json\/wp\/v2\/media?parent=1268"}],"wp:term":[{"taxonomy":"category","embeddable":true,"href":"https:\/\/www.offene-buehne-dresden.de\/fr\/wp-json\/wp\/v2\/categories?post=1268"},{"taxonomy":"post_tag","embeddable":true,"href":"https:\/\/www.offene-buehne-dresden.de\/fr\/wp-json\/wp\/v2\/tags?post=1268"}],"curies":[{"name":"wp","href":"https:\/\/api.w.org\/{rel}","templated":true}]}}