{"id":932,"date":"2011-11-22T19:49:00","date_gmt":"2011-11-22T18:49:00","guid":{"rendered":"http:\/\/www.offene-buehne-dresden.de\/?p=932"},"modified":"2019-08-17T19:09:19","modified_gmt":"2019-08-17T18:09:19","slug":"erster-und-letzter","status":"publish","type":"post","link":"https:\/\/www.offene-buehne-dresden.de\/es\/erster-und-letzter\/","title":{"rendered":"<p>Primero y \u00faltimo<\/p>"},"content":{"rendered":"<p>Hola queridas personas y lectores inclinados,<p>El primer domingo de Adviento es tambi\u00e9n el \u00faltimo domingo de noviembre, que nos se\u00f1ala, entre otras cosas, que -claramente- el pr\u00f3ximo domingo la Etapa Abierta volver\u00e1 a recorrer el escenario de la F\u00e1brica Azul (o tambi\u00e9n retozar o pasear). Esperamos con inter\u00e9s a algunos que a\u00fan no han estado con nosotros y tienen curiosidad por ver qu\u00e9 hay detr\u00e1s, por ejemplo, \u00abCousCous\u00bb, \u00abNoKingNoCrown\u00bb o \u00abMillionsschulze\u00bb. Amigos probados del escenario, sin embargo, tambi\u00e9n son algunos de ellos y la gama de nuevo va desde la literatura pura a lo inesperado a la guitarra de pellejo peque\u00f1o.<\/p><p>Bueno y de alguna manera tambi\u00e9n malo que el programa en s\u00ed ya est\u00e1 lleno o ya no hay reservas posibles. Queda por ver si la noche deja espacio para la espontaneidad.<\/p><p>Oh s\u00ed, , First y Last son solo calendarios en el Open Stage, la sociedad de la competencia tiene un descanso aqu\u00ed.<\/p><p>Hasta el domingo hermosos d\u00edas<br>\nStephen B.<\/p><\/p>","protected":false},"excerpt":{"rendered":"<p>Hallo liebe Leute und geneigte Leser, der erste So. des Adventes ist ja gleichzeitig der letzte So. des Novembers, was&hellip;<\/p>","protected":false},"author":11,"featured_media":0,"comment_status":"closed","ping_status":"closed","sticky":false,"template":"","format":"standard","meta":{"ngg_post_thumbnail":0,"_jetpack_memberships_contains_paid_content":false,"wds_primary_category":0,"footnotes":""},"categories":[1],"tags":[],"class_list":["post-932","post","type-post","status-publish","format-standard","hentry","category-allgemein","wpcat-1-id"],"jetpack_featured_media_url":"","jetpack_sharing_enabled":true,"_links":{"self":[{"href":"https:\/\/www.offene-buehne-dresden.de\/es\/wp-json\/wp\/v2\/posts\/932","targetHints":{"allow":["GET"]}}],"collection":[{"href":"https:\/\/www.offene-buehne-dresden.de\/es\/wp-json\/wp\/v2\/posts"}],"about":[{"href":"https:\/\/www.offene-buehne-dresden.de\/es\/wp-json\/wp\/v2\/types\/post"}],"author":[{"embeddable":true,"href":"https:\/\/www.offene-buehne-dresden.de\/es\/wp-json\/wp\/v2\/users\/11"}],"replies":[{"embeddable":true,"href":"https:\/\/www.offene-buehne-dresden.de\/es\/wp-json\/wp\/v2\/comments?post=932"}],"version-history":[{"count":1,"href":"https:\/\/www.offene-buehne-dresden.de\/es\/wp-json\/wp\/v2\/posts\/932\/revisions"}],"predecessor-version":[{"id":5907,"href":"https:\/\/www.offene-buehne-dresden.de\/es\/wp-json\/wp\/v2\/posts\/932\/revisions\/5907"}],"wp:attachment":[{"href":"https:\/\/www.offene-buehne-dresden.de\/es\/wp-json\/wp\/v2\/media?parent=932"}],"wp:term":[{"taxonomy":"category","embeddable":true,"href":"https:\/\/www.offene-buehne-dresden.de\/es\/wp-json\/wp\/v2\/categories?post=932"},{"taxonomy":"post_tag","embeddable":true,"href":"https:\/\/www.offene-buehne-dresden.de\/es\/wp-json\/wp\/v2\/tags?post=932"}],"curies":[{"name":"wp","href":"https:\/\/api.w.org\/{rel}","templated":true}]}}