{"id":9280,"date":"2014-11-02T17:23:17","date_gmt":"2014-11-02T15:23:17","guid":{"rendered":"http:\/\/www.offene-buehne-dresden.de\/?p=9280"},"modified":"2017-11-13T21:45:44","modified_gmt":"2017-11-13T19:45:44","slug":"bunt-wirds-im-herbst-die-herbstbuehne","status":"publish","type":"post","link":"https:\/\/www.offene-buehne-dresden.de\/es\/bunt-wirds-im-herbst-die-herbstbuehne\/","title":{"rendered":"<p>Coloraci\u00f3n en oto\u00f1o: la fase de oto\u00f1o<\/p>"},"content":{"rendered":"<p>Hola queridos amigos del Open Stage,<p>la Etapa Abierta le invita cordialmente a la Wanne \u2013 B\u00fchne im Viertelhaus el domingo 30 de noviembre a las 20.00 horas.<\/p><p><a title=\"para el registro\" href=\"https:\/\/www.offene-buehne-dresden.de\/es\/mitmachen\/\">\u00bfParticipar? <\/a><\/p><p>\u00a1Esperamos verte tambi\u00e9n!<br>\nir -&gt; escuchar -&gt; unirse!<\/p><p>Saludos calientes<br>\nEl equipo de etapa abierta<\/p><p><a href=\"https:\/\/i0.wp.com\/www.offene-buehne-dresden.de\/wp-content\/uploads\/2014\/11\/Offene-B%C3%BChne-Dresden-November-2014.jpg\"><img data-recalc-dims=\"1\" decoding=\"async\" data-attachment-id=\"9281\" data-permalink=\"https:\/\/www.offene-buehne-dresden.de\/es\/bunt-wirds-im-herbst-die-herbstbuehne\/offene-buehne-dresden-november-2014\/\" data-orig-file=\"https:\/\/i0.wp.com\/www.offene-buehne-dresden.de\/wp-content\/uploads\/2014\/11\/Offene-B%C3%BChne-Dresden-November-2014.jpg?fit=850%2C1202&amp;ssl=1\" data-orig-size=\"850,1202\" data-comments-opened=\"1\" data-image-meta='{\"aperture\":\"0\",\"credit\":\"\",\"camera\":\"\",\"caption\":\"\",\"created_timestamp\":\"0\",\"copyright\":\"\",\"focal_length\":\"0\",\"iso\":\"0\",\"shutter_speed\":\"0\",\"title\":\"\",\"orientation\":\"1\"}' data-image-title=\"Offene-B&uuml;hne-Dresden-November-2014\" data-image-description=\"\" data-image-caption=\"\" data-large-file=\"https:\/\/i0.wp.com\/www.offene-buehne-dresden.de\/wp-content\/uploads\/2014\/11\/Offene-B%C3%BChne-Dresden-November-2014.jpg?fit=724%2C1024&amp;ssl=1\" src=\"https:\/\/i0.wp.com\/www.offene-buehne-dresden.de\/wp-content\/uploads\/2014\/11\/Offene-B%C3%BChne-Dresden-November-2014.jpg\" alt=\"La Etapa Abierta en Noviembre 2014\" class=\"aligncenter size-full wp-image-9281\" srcset=\"https:\/\/i0.wp.com\/www.offene-buehne-dresden.de\/wp-content\/uploads\/2014\/11\/Offene-B%C3%BChne-Dresden-November-2014.jpg?w=850&amp;ssl=1 850w, https:\/\/i0.wp.com\/www.offene-buehne-dresden.de\/wp-content\/uploads\/2014\/11\/Offene-B%C3%BChne-Dresden-November-2014.jpg?resize=212%2C300&amp;ssl=1 212w, https:\/\/i0.wp.com\/www.offene-buehne-dresden.de\/wp-content\/uploads\/2014\/11\/Offene-B%C3%BChne-Dresden-November-2014.jpg?resize=768%2C1086&amp;ssl=1 768w, https:\/\/i0.wp.com\/www.offene-buehne-dresden.de\/wp-content\/uploads\/2014\/11\/Offene-B%C3%BChne-Dresden-November-2014.jpg?resize=724%2C1024&amp;ssl=1 724w, https:\/\/i0.wp.com\/www.offene-buehne-dresden.de\/wp-content\/uploads\/2014\/11\/Offene-B%C3%BChne-Dresden-November-2014.jpg?resize=716%2C1013&amp;ssl=1 716w, https:\/\/i0.wp.com\/www.offene-buehne-dresden.de\/wp-content\/uploads\/2014\/11\/Offene-B%C3%BChne-Dresden-November-2014.jpg?resize=480%2C679&amp;ssl=1 480w, https:\/\/i0.wp.com\/www.offene-buehne-dresden.de\/wp-content\/uploads\/2014\/11\/Offene-B%C3%BChne-Dresden-November-2014.jpg?resize=600%2C848&amp;ssl=1 600w\" sizes=\"(max-width: 850px) 100vw, 850px\"><\/a><\/p><\/p>","protected":false},"excerpt":{"rendered":"<p>Hallo liebe Freundinnen und Freunde der Offenen B&uuml;hne, die Offenen B&uuml;hne l&auml;d euch herzlich am Sonntag den 30. November um&hellip;<\/p>","protected":false},"author":3,"featured_media":9281,"comment_status":"closed","ping_status":"closed","sticky":false,"template":"","format":"standard","meta":{"ngg_post_thumbnail":0,"_jetpack_memberships_contains_paid_content":false,"wds_primary_category":0,"footnotes":""},"categories":[70],"tags":[],"class_list":["post-9280","post","type-post","status-publish","format-standard","has-post-thumbnail","hentry","category-november-2014","wpcat-70-id"],"jetpack_featured_media_url":"https:\/\/i0.wp.com\/www.offene-buehne-dresden.de\/wp-content\/uploads\/2014\/11\/Offene-B%C3%BChne-Dresden-November-2014.jpg?fit=850%2C1202&ssl=1","jetpack_sharing_enabled":true,"_links":{"self":[{"href":"https:\/\/www.offene-buehne-dresden.de\/es\/wp-json\/wp\/v2\/posts\/9280","targetHints":{"allow":["GET"]}}],"collection":[{"href":"https:\/\/www.offene-buehne-dresden.de\/es\/wp-json\/wp\/v2\/posts"}],"about":[{"href":"https:\/\/www.offene-buehne-dresden.de\/es\/wp-json\/wp\/v2\/types\/post"}],"author":[{"embeddable":true,"href":"https:\/\/www.offene-buehne-dresden.de\/es\/wp-json\/wp\/v2\/users\/3"}],"replies":[{"embeddable":true,"href":"https:\/\/www.offene-buehne-dresden.de\/es\/wp-json\/wp\/v2\/comments?post=9280"}],"version-history":[{"count":4,"href":"https:\/\/www.offene-buehne-dresden.de\/es\/wp-json\/wp\/v2\/posts\/9280\/revisions"}],"predecessor-version":[{"id":9285,"href":"https:\/\/www.offene-buehne-dresden.de\/es\/wp-json\/wp\/v2\/posts\/9280\/revisions\/9285"}],"wp:featuredmedia":[{"embeddable":true,"href":"https:\/\/www.offene-buehne-dresden.de\/es\/wp-json\/wp\/v2\/media\/9281"}],"wp:attachment":[{"href":"https:\/\/www.offene-buehne-dresden.de\/es\/wp-json\/wp\/v2\/media?parent=9280"}],"wp:term":[{"taxonomy":"category","embeddable":true,"href":"https:\/\/www.offene-buehne-dresden.de\/es\/wp-json\/wp\/v2\/categories?post=9280"},{"taxonomy":"post_tag","embeddable":true,"href":"https:\/\/www.offene-buehne-dresden.de\/es\/wp-json\/wp\/v2\/tags?post=9280"}],"curies":[{"name":"wp","href":"https:\/\/api.w.org\/{rel}","templated":true}]}}