{"id":895,"date":"2011-07-29T15:05:44","date_gmt":"2011-07-29T13:05:44","guid":{"rendered":"http:\/\/www.offene-buehne-dresden.de\/?p=895"},"modified":"2019-08-17T19:09:19","modified_gmt":"2019-08-17T18:09:19","slug":"im-juli-offene-sommerpause-nachste-offene-buhne-28-august","status":"publish","type":"post","link":"https:\/\/www.offene-buehne-dresden.de\/es\/im-juli-offene-sommerpause-nachste-offene-buhne-28-august\/","title":{"rendered":"<p>Vacaciones de verano abiertas en julio \u2013 pr\u00f3xima fase abierta el 28 de agosto<\/p>"},"content":{"rendered":"<p>Estimado pueblo:<p>este \u00faltimo domingo de julio, como se anunci\u00f3, nuestro evento se detiene excepcionalmente oficialmente.\u00a0\u00a0\u00a0\u00a0\u00a0\u00a0\u00a0\u00a0\u00a0\u00a0\u00a0\u00a0\u00a0\u00a0\u00a0\u00a0\u00a0\u00a0\u00a0\u00a0\u00a0\u00a0\u00a0\u00a0\u00a0\u00a0\u00a0\u00a0\u00a0\u00a0\u00a0\u00a0\u00a0\u00a0\u00a0\u00a0 Aunque a algunos amigos les gustar\u00eda sentarse en el Elbwiese en el Albertbr\u00fccke el domingo por la noche en caso de un posible clima agradable, para seguir una cierta tradici\u00f3n, relajarse jugando o envi\u00e1ndose mensajes de texto, pero esto depende de los signos de interrogaci\u00f3n mencionados.<\/p><p>El domingo 28 de agosto volveremos a la legendaria Blue Factory. Las solicitudes de rendimiento se aceptan con mucho gusto, para esta fecha todav\u00eda hay una gran cantidad de P l a t z en el escenario.&nbsp;&nbsp;<\/p><p>Referencias cruzadas: La literatura esc\u00e9nica a gran escala, tambi\u00e9n con rostros que conocemos del Open Stage, est\u00e1 disponible el s\u00e1bado 30 en el escenario al aire libre Garde (ver aliverix.de<\/p><p>Adem\u00e1s, nuestro amigo, pintor y letrista Cristopher Simpson organiza una fiesta internacional de arte el mismo d\u00eda en Sch\u00fctzenhaus Wehlen bajo el lema: \u00abArte, salchicha, cerveza: la fiesta\u00bb (v\u00e9ase la p\u00e1gina de facebook del mismo nombre) . Esta vez como un consejo de viaje cultural<\/p><p>Nos vemos pronto y hermosos d\u00edas de verano&nbsp;&nbsp;&nbsp;&nbsp;&nbsp;&nbsp;&nbsp;&nbsp;&nbsp;&nbsp;&nbsp;&nbsp;&nbsp;&nbsp;&nbsp;&nbsp;&nbsp;&nbsp;&nbsp;&nbsp;&nbsp;&nbsp;&nbsp;&nbsp;&nbsp;&nbsp;&nbsp;&nbsp;&nbsp;&nbsp;&nbsp;&nbsp;&nbsp;&nbsp;&nbsp;&nbsp;&nbsp;&nbsp;&nbsp;&nbsp;&nbsp;&nbsp;&nbsp;&nbsp;&nbsp;&nbsp;&nbsp;&nbsp;&nbsp;&nbsp;&nbsp;&nbsp;&nbsp;&nbsp;&nbsp;&nbsp;&nbsp;&nbsp;&nbsp;&nbsp;&nbsp;&nbsp;&nbsp;&nbsp;&nbsp;&nbsp;&nbsp;&nbsp;&nbsp;&nbsp;&nbsp;&nbsp;&nbsp;&nbsp;&nbsp;&nbsp;&nbsp;&nbsp;&nbsp;&nbsp;&nbsp;&nbsp;<\/p><p>&nbsp;<\/p><p>&nbsp;<\/p><p>&nbsp;<\/p><p>&nbsp;<\/p><\/p>","protected":false},"excerpt":{"rendered":"<p>Liebe Leute, diesen letzten Julisonntag&nbsp;pausiert wie angek&uuml;ndigt unserere Veranstaltung ausnahmweislich offiziell.&nbsp;&nbsp;&nbsp;&nbsp;&nbsp;&nbsp;&nbsp;&nbsp;&nbsp;&nbsp;&nbsp;&nbsp;&nbsp;&nbsp;&nbsp;&nbsp;&nbsp;&nbsp;&nbsp;&nbsp;&nbsp;&nbsp;&nbsp;&nbsp;&nbsp;&nbsp;&nbsp;&nbsp;&nbsp;&nbsp;&nbsp;&nbsp;&nbsp;&nbsp;&nbsp;&nbsp; Zwar m&ouml;chten sich einige Freunde bei eventuellen doch noch&hellip;<\/p>","protected":false},"author":11,"featured_media":0,"comment_status":"closed","ping_status":"closed","sticky":false,"template":"","format":"standard","meta":{"ngg_post_thumbnail":0,"_jetpack_memberships_contains_paid_content":false,"wds_primary_category":0,"footnotes":""},"categories":[1],"tags":[],"class_list":["post-895","post","type-post","status-publish","format-standard","hentry","category-allgemein","wpcat-1-id"],"jetpack_featured_media_url":"","jetpack_sharing_enabled":true,"_links":{"self":[{"href":"https:\/\/www.offene-buehne-dresden.de\/es\/wp-json\/wp\/v2\/posts\/895","targetHints":{"allow":["GET"]}}],"collection":[{"href":"https:\/\/www.offene-buehne-dresden.de\/es\/wp-json\/wp\/v2\/posts"}],"about":[{"href":"https:\/\/www.offene-buehne-dresden.de\/es\/wp-json\/wp\/v2\/types\/post"}],"author":[{"embeddable":true,"href":"https:\/\/www.offene-buehne-dresden.de\/es\/wp-json\/wp\/v2\/users\/11"}],"replies":[{"embeddable":true,"href":"https:\/\/www.offene-buehne-dresden.de\/es\/wp-json\/wp\/v2\/comments?post=895"}],"version-history":[{"count":1,"href":"https:\/\/www.offene-buehne-dresden.de\/es\/wp-json\/wp\/v2\/posts\/895\/revisions"}],"predecessor-version":[{"id":5914,"href":"https:\/\/www.offene-buehne-dresden.de\/es\/wp-json\/wp\/v2\/posts\/895\/revisions\/5914"}],"wp:attachment":[{"href":"https:\/\/www.offene-buehne-dresden.de\/es\/wp-json\/wp\/v2\/media?parent=895"}],"wp:term":[{"taxonomy":"category","embeddable":true,"href":"https:\/\/www.offene-buehne-dresden.de\/es\/wp-json\/wp\/v2\/categories?post=895"},{"taxonomy":"post_tag","embeddable":true,"href":"https:\/\/www.offene-buehne-dresden.de\/es\/wp-json\/wp\/v2\/tags?post=895"}],"curies":[{"name":"wp","href":"https:\/\/api.w.org\/{rel}","templated":true}]}}