{"id":1268,"date":"2013-03-27T22:59:04","date_gmt":"2013-03-27T21:59:04","guid":{"rendered":"http:\/\/www.offene-buehne-dresden.de\/?p=1268"},"modified":"2014-08-16T09:49:52","modified_gmt":"2014-08-16T07:49:52","slug":"die-offene-osterbuhne-in-der-blauen-fabrik","status":"publish","type":"post","link":"https:\/\/www.offene-buehne-dresden.de\/es\/die-offene-osterbuhne-in-der-blauen-fabrik\/","title":{"rendered":"<p>La Etapa de Pascua Abierta en la F\u00e1brica Azul<\/p>"},"content":{"rendered":"<p>Hall\u00f6 querido pueblo,<p>Nuestro consejo de excursi\u00f3n para el domingo por la noche: Semana Santa cultural en el este de la Neustadt Exterior tan concretamente a las 8 pm en la F\u00e1brica Azul a la Etapa Abierta. Este es tambi\u00e9n un viaje a las monta\u00f1as, ya que la banda \u00abMountain High\u00bb tocar\u00e1 ac\u00fasticamente durante la noche. Y de lo contrario podemos esperar un programa completo con palabras cantadas, le\u00eddas y habladas, con varios instrumentos musicales y sorpresas.<\/p><p>Desafortunadamente, las reservas del lado del escenario ya no son posibles para esta noche, pero el Open Stage contin\u00faa con un nuevo impulso en abril.<\/p><p>Saludos y saludos<br>\nStephen B. y el OB<\/p><p>Nota: El horario de verano de Europa Central comienza a las 8 p.m. Espero que la primavera no se duerma en esta cita.<\/p><\/p>","protected":false},"excerpt":{"rendered":"<p>Hall&ouml; liebe Leute, unser Ausflugtipp f&uuml;r Sonntagabend: kulturelle Ostern im Osten der &Auml;u&szlig;eren Neustadt also konkret 20 Uhr in der&hellip;<\/p>","protected":false},"author":11,"featured_media":6059,"comment_status":"closed","ping_status":"closed","sticky":false,"template":"","format":"standard","meta":{"ngg_post_thumbnail":0,"_jetpack_memberships_contains_paid_content":false,"wds_primary_category":0,"footnotes":""},"categories":[1],"tags":[],"class_list":["post-1268","post","type-post","status-publish","format-standard","has-post-thumbnail","hentry","category-allgemein","wpcat-1-id"],"jetpack_featured_media_url":"https:\/\/i0.wp.com\/www.offene-buehne-dresden.de\/wp-content\/uploads\/ngg_featured\/dsc_8005.jpg?fit=1280%2C848&ssl=1","jetpack_sharing_enabled":true,"_links":{"self":[{"href":"https:\/\/www.offene-buehne-dresden.de\/es\/wp-json\/wp\/v2\/posts\/1268","targetHints":{"allow":["GET"]}}],"collection":[{"href":"https:\/\/www.offene-buehne-dresden.de\/es\/wp-json\/wp\/v2\/posts"}],"about":[{"href":"https:\/\/www.offene-buehne-dresden.de\/es\/wp-json\/wp\/v2\/types\/post"}],"author":[{"embeddable":true,"href":"https:\/\/www.offene-buehne-dresden.de\/es\/wp-json\/wp\/v2\/users\/11"}],"replies":[{"embeddable":true,"href":"https:\/\/www.offene-buehne-dresden.de\/es\/wp-json\/wp\/v2\/comments?post=1268"}],"version-history":[{"count":2,"href":"https:\/\/www.offene-buehne-dresden.de\/es\/wp-json\/wp\/v2\/posts\/1268\/revisions"}],"predecessor-version":[{"id":6060,"href":"https:\/\/www.offene-buehne-dresden.de\/es\/wp-json\/wp\/v2\/posts\/1268\/revisions\/6060"}],"wp:featuredmedia":[{"embeddable":true,"href":"https:\/\/www.offene-buehne-dresden.de\/es\/wp-json\/wp\/v2\/media\/6059"}],"wp:attachment":[{"href":"https:\/\/www.offene-buehne-dresden.de\/es\/wp-json\/wp\/v2\/media?parent=1268"}],"wp:term":[{"taxonomy":"category","embeddable":true,"href":"https:\/\/www.offene-buehne-dresden.de\/es\/wp-json\/wp\/v2\/categories?post=1268"},{"taxonomy":"post_tag","embeddable":true,"href":"https:\/\/www.offene-buehne-dresden.de\/es\/wp-json\/wp\/v2\/tags?post=1268"}],"curies":[{"name":"wp","href":"https:\/\/api.w.org\/{rel}","templated":true}]}}