{"id":967,"date":"2011-12-21T12:06:43","date_gmt":"2011-12-21T11:06:43","guid":{"rendered":"http:\/\/www.offene-buehne-dresden.de\/?p=967"},"modified":"2019-08-17T19:09:19","modified_gmt":"2019-08-17T18:09:19","slug":"in-zweinullzwolf-geht-es-weiter","status":"publish","type":"post","link":"https:\/\/www.offene-buehne-dresden.de\/de\/in-zweinullzwolf-geht-es-weiter\/","title":{"rendered":"In ZweiNullZw\u00f6lf geht es weiter"},"content":{"rendered":"<p>Hall\u00f6 Allerseits,<\/p>\n<p>der letzten-Sonntag-im-Monat-Sitte folgend w\u00e4re die Offene B\u00fchne in der Blauen Fabrik auf den 25.Dezember gefallen, wof\u00fcr sich aus \u00fcberfamil\u00e4ren Gr\u00fcnden das Interesse \u00fcberschaubarer gestaltete als \u00fcblich. Daher wird sich die Offene B\u00fchne Ende Dezember in Feiertagspause befinden. Wir bitten um etwas Geduld: im Januar geht es mit vollem Programm weiter. Allen passende Geschenke und stressfreie Festtage.<\/p>\n<p>stephen blaubach und die offene b\u00fchne dd        <\/p>\n","protected":false},"excerpt":{"rendered":"<p>Hall\u00f6 Allerseits, der letzten-Sonntag-im-Monat-Sitte folgend w\u00e4re die Offene B\u00fchne in der Blauen Fabrik auf den 25.Dezember gefallen, wof\u00fcr sich aus&#8230;<\/p>\n","protected":false},"author":11,"featured_media":0,"comment_status":"closed","ping_status":"closed","sticky":false,"template":"","format":"standard","meta":{"ngg_post_thumbnail":0,"_jetpack_memberships_contains_paid_content":false,"wds_primary_category":0,"footnotes":""},"categories":[1],"tags":[],"class_list":["post-967","post","type-post","status-publish","format-standard","hentry","category-allgemein","wpcat-1-id"],"jetpack_featured_media_url":"","jetpack_sharing_enabled":true,"_links":{"self":[{"href":"https:\/\/www.offene-buehne-dresden.de\/de\/wp-json\/wp\/v2\/posts\/967","targetHints":{"allow":["GET"]}}],"collection":[{"href":"https:\/\/www.offene-buehne-dresden.de\/de\/wp-json\/wp\/v2\/posts"}],"about":[{"href":"https:\/\/www.offene-buehne-dresden.de\/de\/wp-json\/wp\/v2\/types\/post"}],"author":[{"embeddable":true,"href":"https:\/\/www.offene-buehne-dresden.de\/de\/wp-json\/wp\/v2\/users\/11"}],"replies":[{"embeddable":true,"href":"https:\/\/www.offene-buehne-dresden.de\/de\/wp-json\/wp\/v2\/comments?post=967"}],"version-history":[{"count":1,"href":"https:\/\/www.offene-buehne-dresden.de\/de\/wp-json\/wp\/v2\/posts\/967\/revisions"}],"predecessor-version":[{"id":5904,"href":"https:\/\/www.offene-buehne-dresden.de\/de\/wp-json\/wp\/v2\/posts\/967\/revisions\/5904"}],"wp:attachment":[{"href":"https:\/\/www.offene-buehne-dresden.de\/de\/wp-json\/wp\/v2\/media?parent=967"}],"wp:term":[{"taxonomy":"category","embeddable":true,"href":"https:\/\/www.offene-buehne-dresden.de\/de\/wp-json\/wp\/v2\/categories?post=967"},{"taxonomy":"post_tag","embeddable":true,"href":"https:\/\/www.offene-buehne-dresden.de\/de\/wp-json\/wp\/v2\/tags?post=967"}],"curies":[{"name":"wp","href":"https:\/\/api.w.org\/{rel}","templated":true}]}}