{"id":9422,"date":"2014-12-31T11:45:39","date_gmt":"2014-12-31T09:45:39","guid":{"rendered":"http:\/\/www.offene-buehne-dresden.de\/?p=9422"},"modified":"2015-03-24T11:54:18","modified_gmt":"2015-03-24T09:54:18","slug":"von-weibchen-und-wichtel-die-offene-buehne-im-dezember","status":"publish","type":"post","link":"https:\/\/www.offene-buehne-dresden.de\/de\/von-weibchen-und-wichtel-die-offene-buehne-im-dezember\/","title":{"rendered":"Von Weibchen und Wichtel &#8211; die Offene B\u00fchne im Dezember"},"content":{"rendered":"<p><em>Premieren, Premieren &#8211; den Weihnachtsmann in allen Ehren, aber: Das war spitze! Obwohl das Jahr in den letzten Z\u00fcgen war, fanden sich viele K\u00fcnstler ein, um mit uns Weihnachten nach- und ein gutes, neues Jahr vor-zufeiern. Premiere Nr. 1: Vivian aka Moderations-Elfe unterst\u00fctzte Stefan Ce bei seiner ohnehin tollen Moderation. Premiere Nr. 2: Wir spielten Schrottwichteln. Denn wenn die K\u00fcnstler uns jeden Monat etwas geben, wollen wir etwas zur\u00fcckgeben! Und unsere Geschenke waren begehrt&#8230;. \ud83d\ude42 Zur\u00fcck zur Kunst:<\/em><\/p>\n<p>&nbsp;<\/p>\n<p><strong><a href=\"http:\/\/martinseidelmusic.bandcamp.com\/\">Martin Seidel<\/a> <\/strong>trat das erste Mal bei uns auf und nahm uns mit auf eine Zeitreise. 10 Jahre schlummerten seine rockigen Gitarrensongs in der Schublade, bevor sie das Licht der Offene B\u00fchne erblickten! Martin nahm uns mit auf einen Roadtrip von fr\u00f6hlichen, aber auch melancholischen T\u00f6nen.<\/p>\n<p><strong>Chris Doering<\/strong> trat nach jahrelanger Abstinenz wieder bei uns auf. Er reflektierte \u00fcber die Ursachen der Pegida-<\/p>\n<p>Bewegung und forderte &#8222;Rettiche f\u00fcr Pegida!&#8220;<\/p>\n<p>Auch bei <strong>Friedemann<\/strong> wurde es politisch. Er trug ein Kinderlied von Gerhard Sch\u00f6ne vor und sang \u00fcber das Artensterben. Seine Bitte: &#8222;Klont mich nicht, um mich nachher auszurotten!&#8220;<\/p>\n<p><a href=\"http:\/\/evyswunderkiste.blogspot.de\/\"><strong>Vivian<\/strong> <\/a>trug Gedichte vor. Sie sprach von \u00fcber die Sch\u00f6nheit der D\u00fcfte und von Verzweiflung, die man mit sich herumtr\u00e4gt. Au\u00dferdem erkl\u00e4rte sie, wie schwer es ist, W\u00fcnsche zu \u00e4u\u00dfern, die man als Forderung empfindet.<\/p>\n<p><a href=\"https:\/\/www.youtube.com\/watch?v=fPdYrluIfx8\"><strong>Rene Wolf<\/strong> <\/a>verk\u00f6rperte sehr authentisch einen Wutb\u00fcrger, der bei der Pegida-Bewegung mitl\u00e4uft.<\/p>\n<p><strong>Anne Es<\/strong> las einen Text \u00fcber Realit\u00e4tsfl\u00fcchtlinge und Vors\u00e4tze.<\/p>\n<p><strong>Michael<\/strong> war ebenfalls Deb\u00fctant und vertrieb seine Nervosit\u00e4t mit einem Gedicht. Danach pr\u00e4sentierte er uns nachdenliche Lieder auf deutsch und englisch sowie ein chilliges Lied auf russisch. Sehr entspannend!<\/p>\n<p><a href=\"http:\/\/www.gruselgrotte.de\/politische-meinungsbildung\/\"><strong>Pierre<\/strong> <\/a>erz\u00e4hlte, wie er sich als eingekesselter Gegendemonstrant auf einer Anti-Pegida-Demo f\u00fchlt. Au\u00dferdem stellte er in seinem Alltags-Text die Frage, ob Kr\u00e4ppelchen Geb\u00e4ck sind. (lt. Wikipedia sind sie das)<\/p>\n<p><strong>Stefan Ce<\/strong> spielte mit Licht und erz\u00e4hlte uns eine Geschichte \u00fcber Napoleon. Au\u00dferdem lie\u00df er Wasser verschwinden!<\/p>\n<p><strong>Joshua Hines<\/strong> zog f\u00fcr seine Freundin nach Dresden und sang uns sch\u00f6ne Popsongs mit Gitarre vor!<\/p>\n<p>&nbsp;<\/p>\n<p>Und so endete die letzte B\u00fchne des Jahres mit tosendem Applaus und einem guten Gef\u00fchl. Alle haben viel geleistet und wir k\u00f6nnen stolz auf das sein, was wir geschafft haben! Danke an ein tolles Publikum, talentierte K\u00fcnstler und ein Team, das jedes Mal viel, viel schafft \ud83d\ude42<\/p>\n","protected":false},"excerpt":{"rendered":"<p>Premieren, Premieren &#8211; den Weihnachtsmann in allen Ehren, aber: Das war spitze! Obwohl das Jahr in den letzten Z\u00fcgen war,&#8230;<\/p>\n","protected":false},"author":10,"featured_media":9439,"comment_status":"closed","ping_status":"closed","sticky":false,"template":"","format":"standard","meta":{"ngg_post_thumbnail":0,"_jetpack_memberships_contains_paid_content":false,"wds_primary_category":0,"footnotes":""},"categories":[71],"tags":[],"class_list":["post-9422","post","type-post","status-publish","format-standard","has-post-thumbnail","hentry","category-dezember-2014","wpcat-71-id"],"jetpack_featured_media_url":"https:\/\/i0.wp.com\/www.offene-buehne-dresden.de\/wp-content\/uploads\/2014\/12\/Offene-B%C3%BChne-Dresden-im-Dezember-2015.png?fit=471%2C686&ssl=1","jetpack_sharing_enabled":true,"_links":{"self":[{"href":"https:\/\/www.offene-buehne-dresden.de\/de\/wp-json\/wp\/v2\/posts\/9422","targetHints":{"allow":["GET"]}}],"collection":[{"href":"https:\/\/www.offene-buehne-dresden.de\/de\/wp-json\/wp\/v2\/posts"}],"about":[{"href":"https:\/\/www.offene-buehne-dresden.de\/de\/wp-json\/wp\/v2\/types\/post"}],"author":[{"embeddable":true,"href":"https:\/\/www.offene-buehne-dresden.de\/de\/wp-json\/wp\/v2\/users\/10"}],"replies":[{"embeddable":true,"href":"https:\/\/www.offene-buehne-dresden.de\/de\/wp-json\/wp\/v2\/comments?post=9422"}],"version-history":[{"count":3,"href":"https:\/\/www.offene-buehne-dresden.de\/de\/wp-json\/wp\/v2\/posts\/9422\/revisions"}],"predecessor-version":[{"id":9432,"href":"https:\/\/www.offene-buehne-dresden.de\/de\/wp-json\/wp\/v2\/posts\/9422\/revisions\/9432"}],"wp:featuredmedia":[{"embeddable":true,"href":"https:\/\/www.offene-buehne-dresden.de\/de\/wp-json\/wp\/v2\/media\/9439"}],"wp:attachment":[{"href":"https:\/\/www.offene-buehne-dresden.de\/de\/wp-json\/wp\/v2\/media?parent=9422"}],"wp:term":[{"taxonomy":"category","embeddable":true,"href":"https:\/\/www.offene-buehne-dresden.de\/de\/wp-json\/wp\/v2\/categories?post=9422"},{"taxonomy":"post_tag","embeddable":true,"href":"https:\/\/www.offene-buehne-dresden.de\/de\/wp-json\/wp\/v2\/tags?post=9422"}],"curies":[{"name":"wp","href":"https:\/\/api.w.org\/{rel}","templated":true}]}}