{"id":9287,"date":"2014-10-30T20:19:09","date_gmt":"2014-10-30T18:19:09","guid":{"rendered":"http:\/\/www.offene-buehne-dresden.de\/?p=9287"},"modified":"2014-12-27T13:32:42","modified_gmt":"2014-12-27T11:32:42","slug":"ein-mann-ist-nicht-genug-die-oktober-buehne","status":"publish","type":"post","link":"https:\/\/www.offene-buehne-dresden.de\/de\/ein-mann-ist-nicht-genug-die-oktober-buehne\/","title":{"rendered":"Ein Mann ist nicht genug &#8211; die Oktober-B\u00fchne"},"content":{"rendered":"<p><em>Der Herbst ist in voller Bl\u00fcte &#8211; und genauso bl\u00fchend vor Inspiration und guten Beitr\u00e4gen war die Offene B\u00fchne im Oktober. Unterst\u00fctzt wurde unser Moderator Stefan Ce diesmal von Poetry Slammer Nils Matzka, der den weiten Weg aus Leipzig zu uns kam.<\/em><\/p>\n<p>&nbsp;<\/p>\n<p><a href=\"https:\/\/i0.wp.com\/www.offene-buehne-dresden.de\/wp-content\/uploads\/2014\/11\/Offene-B%C3%BChne-Dresden-Oktober-2014-Stadtteilhaus-Wanne-Fotos-Marc-Knepper-Knepptec-9.jpg\"><img data-recalc-dims=\"1\" height=\"1024\" decoding=\"async\" data-attachment-id=\"9126\" data-permalink=\"https:\/\/www.offene-buehne-dresden.de\/de\/offene-buehne-dresden-oktober-2014-stadtteilhaus-wanne-fotos-marc-knepper-knepptec-9\/\" data-orig-file=\"https:\/\/i0.wp.com\/www.offene-buehne-dresden.de\/wp-content\/uploads\/2014\/11\/Offene-B%C3%BChne-Dresden-Oktober-2014-Stadtteilhaus-Wanne-Fotos-Marc-Knepper-Knepptec-9.jpg?fit=1200%2C800&amp;ssl=1\" data-orig-size=\"1200,800\" data-comments-opened=\"1\" data-image-meta=\"{&quot;aperture&quot;:&quot;0&quot;,&quot;credit&quot;:&quot;&quot;,&quot;camera&quot;:&quot;&quot;,&quot;caption&quot;:&quot;&quot;,&quot;created_timestamp&quot;:&quot;0&quot;,&quot;copyright&quot;:&quot;&quot;,&quot;focal_length&quot;:&quot;0&quot;,&quot;iso&quot;:&quot;0&quot;,&quot;shutter_speed&quot;:&quot;0&quot;,&quot;title&quot;:&quot;&quot;,&quot;orientation&quot;:&quot;0&quot;}\" data-image-title=\"Offene-B\u00fchne-Dresden-Oktober-2014-Stadtteilhaus-Wanne-Fotos-Marc-Knepper-Knepptec (9)\" data-image-description=\"\" data-image-caption=\"\" data-large-file=\"https:\/\/i0.wp.com\/www.offene-buehne-dresden.de\/wp-content\/uploads\/2014\/11\/Offene-B%C3%BChne-Dresden-Oktober-2014-Stadtteilhaus-Wanne-Fotos-Marc-Knepper-Knepptec-9.jpg?fit=1024%2C683&amp;ssl=1\" class=\"aligncenter size-large wp-image-9126\" style=\"box-shadow: 0 8px 6px -6px #000;\" src=\"https:\/\/i0.wp.com\/www.offene-buehne-dresden.de\/wp-content\/uploads\/2014\/11\/Offene-B%C3%BChne-Dresden-Oktober-2014-Stadtteilhaus-Wanne-Fotos-Marc-Knepper-Knepptec-9-1024x682.jpg?fit=1024%2C1024\" alt=\"Wilder M\" width=\"1024\" \/><\/a><\/p>\n<p>&nbsp;<\/p>\n<p>Rahmenband waren <a href=\"https:\/\/www.facebook.com\/pages\/Wilder-Mohn\/407652272718311\"><strong>Wilder Mohn<\/strong><\/a>, die mit sch\u00f6nen Instrumenten und nachdenklichen Texten begeisterten.<\/p>\n<p>&nbsp;<\/p>\n<p><a href=\"https:\/\/i0.wp.com\/www.offene-buehne-dresden.de\/wp-content\/uploads\/2014\/11\/Offene-B%C3%BChne-Dresden-Oktober-2014-Stadtteilhaus-Wanne-Fotos-Marc-Knepper-Knepptec-11.jpg\"><img data-recalc-dims=\"1\" decoding=\"async\" data-attachment-id=\"9128\" data-permalink=\"https:\/\/www.offene-buehne-dresden.de\/de\/offene-buehne-dresden-oktober-2014-stadtteilhaus-wanne-fotos-marc-knepper-knepptec-11\/\" data-orig-file=\"https:\/\/i0.wp.com\/www.offene-buehne-dresden.de\/wp-content\/uploads\/2014\/11\/Offene-B%C3%BChne-Dresden-Oktober-2014-Stadtteilhaus-Wanne-Fotos-Marc-Knepper-Knepptec-11.jpg?fit=1200%2C800&amp;ssl=1\" data-orig-size=\"1200,800\" data-comments-opened=\"1\" data-image-meta=\"{&quot;aperture&quot;:&quot;0&quot;,&quot;credit&quot;:&quot;&quot;,&quot;camera&quot;:&quot;&quot;,&quot;caption&quot;:&quot;&quot;,&quot;created_timestamp&quot;:&quot;0&quot;,&quot;copyright&quot;:&quot;&quot;,&quot;focal_length&quot;:&quot;0&quot;,&quot;iso&quot;:&quot;0&quot;,&quot;shutter_speed&quot;:&quot;0&quot;,&quot;title&quot;:&quot;&quot;,&quot;orientation&quot;:&quot;0&quot;}\" data-image-title=\"Offene-B\u00fchne-Dresden-Oktober-2014-Stadtteilhaus-Wanne-Fotos-Marc-Knepper-Knepptec (11)\" data-image-description=\"\" data-image-caption=\"\" data-large-file=\"https:\/\/i0.wp.com\/www.offene-buehne-dresden.de\/wp-content\/uploads\/2014\/11\/Offene-B%C3%BChne-Dresden-Oktober-2014-Stadtteilhaus-Wanne-Fotos-Marc-Knepper-Knepptec-11.jpg?fit=1024%2C683&amp;ssl=1\" class=\"aligncenter wp-image-9128 size-full\" style=\"box-shadow: 0 8px 6px -6px #000;\" src=\"https:\/\/i0.wp.com\/www.offene-buehne-dresden.de\/wp-content\/uploads\/2014\/11\/Offene-B%C3%BChne-Dresden-Oktober-2014-Stadtteilhaus-Wanne-Fotos-Marc-Knepper-Knepptec-11.jpg\" alt=\"Offene-B\u00fchne-Dresden-Oktober-2014-Stadtteilhaus-Wanne-Fotos-Marc-Knepper-Knepptec (11)\"  srcset=\"https:\/\/i0.wp.com\/www.offene-buehne-dresden.de\/wp-content\/uploads\/2014\/11\/Offene-B%C3%BChne-Dresden-Oktober-2014-Stadtteilhaus-Wanne-Fotos-Marc-Knepper-Knepptec-11.jpg?w=1200&amp;ssl=1 1200w, https:\/\/i0.wp.com\/www.offene-buehne-dresden.de\/wp-content\/uploads\/2014\/11\/Offene-B%C3%BChne-Dresden-Oktober-2014-Stadtteilhaus-Wanne-Fotos-Marc-Knepper-Knepptec-11.jpg?resize=768%2C512&amp;ssl=1 768w, https:\/\/i0.wp.com\/www.offene-buehne-dresden.de\/wp-content\/uploads\/2014\/11\/Offene-B%C3%BChne-Dresden-Oktober-2014-Stadtteilhaus-Wanne-Fotos-Marc-Knepper-Knepptec-11.jpg?resize=1024%2C683&amp;ssl=1 1024w, https:\/\/i0.wp.com\/www.offene-buehne-dresden.de\/wp-content\/uploads\/2014\/11\/Offene-B%C3%BChne-Dresden-Oktober-2014-Stadtteilhaus-Wanne-Fotos-Marc-Knepper-Knepptec-11.jpg?resize=1064%2C709&amp;ssl=1 1064w, https:\/\/i0.wp.com\/www.offene-buehne-dresden.de\/wp-content\/uploads\/2014\/11\/Offene-B%C3%BChne-Dresden-Oktober-2014-Stadtteilhaus-Wanne-Fotos-Marc-Knepper-Knepptec-11.jpg?resize=716%2C477&amp;ssl=1 716w, https:\/\/i0.wp.com\/www.offene-buehne-dresden.de\/wp-content\/uploads\/2014\/11\/Offene-B%C3%BChne-Dresden-Oktober-2014-Stadtteilhaus-Wanne-Fotos-Marc-Knepper-Knepptec-11.jpg?resize=480%2C320&amp;ssl=1 480w, https:\/\/i0.wp.com\/www.offene-buehne-dresden.de\/wp-content\/uploads\/2014\/11\/Offene-B%C3%BChne-Dresden-Oktober-2014-Stadtteilhaus-Wanne-Fotos-Marc-Knepper-Knepptec-11.jpg?resize=300%2C200&amp;ssl=1 300w, https:\/\/i0.wp.com\/www.offene-buehne-dresden.de\/wp-content\/uploads\/2014\/11\/Offene-B%C3%BChne-Dresden-Oktober-2014-Stadtteilhaus-Wanne-Fotos-Marc-Knepper-Knepptec-11.jpg?resize=600%2C400&amp;ssl=1 600w\" sizes=\"(max-width: 1000px) 100vw, 1000px\" \/><\/a><\/p>\n<p>&nbsp;<\/p>\n<p>Danach trug <strong>Ferri Leberl<\/strong> einen Text aus seinem Kurzgeschichtenband <em>Keksbruch<\/em> vor. Dieser handelte von einem Raumschiff und war ein bisschen ironisch.<\/p>\n<p>&nbsp;<\/p>\n<p><a href=\"https:\/\/i0.wp.com\/www.offene-buehne-dresden.de\/wp-content\/uploads\/2014\/11\/Offene-B%C3%BChne-Dresden-Oktober-2014-Stadtteilhaus-Wanne-Fotos-Marc-Knepper-Knepptec-14.jpg\"><img data-recalc-dims=\"1\" decoding=\"async\" data-attachment-id=\"9131\" data-permalink=\"https:\/\/www.offene-buehne-dresden.de\/de\/offene-buehne-dresden-oktober-2014-stadtteilhaus-wanne-fotos-marc-knepper-knepptec-14\/\" data-orig-file=\"https:\/\/i0.wp.com\/www.offene-buehne-dresden.de\/wp-content\/uploads\/2014\/11\/Offene-B%C3%BChne-Dresden-Oktober-2014-Stadtteilhaus-Wanne-Fotos-Marc-Knepper-Knepptec-14.jpg?fit=1200%2C800&amp;ssl=1\" data-orig-size=\"1200,800\" data-comments-opened=\"1\" data-image-meta=\"{&quot;aperture&quot;:&quot;0&quot;,&quot;credit&quot;:&quot;&quot;,&quot;camera&quot;:&quot;&quot;,&quot;caption&quot;:&quot;&quot;,&quot;created_timestamp&quot;:&quot;0&quot;,&quot;copyright&quot;:&quot;&quot;,&quot;focal_length&quot;:&quot;0&quot;,&quot;iso&quot;:&quot;0&quot;,&quot;shutter_speed&quot;:&quot;0&quot;,&quot;title&quot;:&quot;&quot;,&quot;orientation&quot;:&quot;0&quot;}\" data-image-title=\"Offene-B\u00fchne-Dresden-Oktober-2014-Stadtteilhaus-Wanne-Fotos-Marc-Knepper-Knepptec (14)\" data-image-description=\"\" data-image-caption=\"\" data-large-file=\"https:\/\/i0.wp.com\/www.offene-buehne-dresden.de\/wp-content\/uploads\/2014\/11\/Offene-B%C3%BChne-Dresden-Oktober-2014-Stadtteilhaus-Wanne-Fotos-Marc-Knepper-Knepptec-14.jpg?fit=1024%2C683&amp;ssl=1\" class=\"aligncenter wp-image-9131 size-full\" style=\"box-shadow: 0 8px 6px -6px #000;\" src=\"https:\/\/i0.wp.com\/www.offene-buehne-dresden.de\/wp-content\/uploads\/2014\/11\/Offene-B%C3%BChne-Dresden-Oktober-2014-Stadtteilhaus-Wanne-Fotos-Marc-Knepper-Knepptec-14.jpg\" alt=\"Offene-B\u00fchne-Dresden-Oktober-2014-Stadtteilhaus-Wanne-Fotos-Marc-Knepper-Knepptec (14)\"  srcset=\"https:\/\/i0.wp.com\/www.offene-buehne-dresden.de\/wp-content\/uploads\/2014\/11\/Offene-B%C3%BChne-Dresden-Oktober-2014-Stadtteilhaus-Wanne-Fotos-Marc-Knepper-Knepptec-14.jpg?w=1200&amp;ssl=1 1200w, https:\/\/i0.wp.com\/www.offene-buehne-dresden.de\/wp-content\/uploads\/2014\/11\/Offene-B%C3%BChne-Dresden-Oktober-2014-Stadtteilhaus-Wanne-Fotos-Marc-Knepper-Knepptec-14.jpg?resize=768%2C512&amp;ssl=1 768w, https:\/\/i0.wp.com\/www.offene-buehne-dresden.de\/wp-content\/uploads\/2014\/11\/Offene-B%C3%BChne-Dresden-Oktober-2014-Stadtteilhaus-Wanne-Fotos-Marc-Knepper-Knepptec-14.jpg?resize=1024%2C683&amp;ssl=1 1024w, https:\/\/i0.wp.com\/www.offene-buehne-dresden.de\/wp-content\/uploads\/2014\/11\/Offene-B%C3%BChne-Dresden-Oktober-2014-Stadtteilhaus-Wanne-Fotos-Marc-Knepper-Knepptec-14.jpg?resize=1064%2C709&amp;ssl=1 1064w, https:\/\/i0.wp.com\/www.offene-buehne-dresden.de\/wp-content\/uploads\/2014\/11\/Offene-B%C3%BChne-Dresden-Oktober-2014-Stadtteilhaus-Wanne-Fotos-Marc-Knepper-Knepptec-14.jpg?resize=716%2C477&amp;ssl=1 716w, https:\/\/i0.wp.com\/www.offene-buehne-dresden.de\/wp-content\/uploads\/2014\/11\/Offene-B%C3%BChne-Dresden-Oktober-2014-Stadtteilhaus-Wanne-Fotos-Marc-Knepper-Knepptec-14.jpg?resize=480%2C320&amp;ssl=1 480w, https:\/\/i0.wp.com\/www.offene-buehne-dresden.de\/wp-content\/uploads\/2014\/11\/Offene-B%C3%BChne-Dresden-Oktober-2014-Stadtteilhaus-Wanne-Fotos-Marc-Knepper-Knepptec-14.jpg?resize=300%2C200&amp;ssl=1 300w, https:\/\/i0.wp.com\/www.offene-buehne-dresden.de\/wp-content\/uploads\/2014\/11\/Offene-B%C3%BChne-Dresden-Oktober-2014-Stadtteilhaus-Wanne-Fotos-Marc-Knepper-Knepptec-14.jpg?resize=600%2C400&amp;ssl=1 600w\" sizes=\"(max-width: 1000px) 100vw, 1000px\" \/><\/a><\/p>\n<p>&nbsp;<\/p>\n<p><a href=\"https:\/\/soundcloud.com\/sonja-kat\"><strong>The Sun and the Moon<\/strong><\/a> pr\u00e4sentierten uns melancholische Songs mit Gitarrenbegleitung.<\/p>\n<p>&nbsp;<\/p>\n<p><a href=\"https:\/\/i0.wp.com\/www.offene-buehne-dresden.de\/wp-content\/uploads\/2014\/11\/Offene-B%C3%BChne-Dresden-Oktober-2014-Stadtteilhaus-Wanne-Fotos-Marc-Knepper-Knepptec-3.jpg\"><img data-recalc-dims=\"1\" decoding=\"async\" data-attachment-id=\"9120\" data-permalink=\"https:\/\/www.offene-buehne-dresden.de\/de\/offene-buehne-dresden-oktober-2014-stadtteilhaus-wanne-fotos-marc-knepper-knepptec-3\/\" data-orig-file=\"https:\/\/i0.wp.com\/www.offene-buehne-dresden.de\/wp-content\/uploads\/2014\/11\/Offene-B%C3%BChne-Dresden-Oktober-2014-Stadtteilhaus-Wanne-Fotos-Marc-Knepper-Knepptec-3.jpg?fit=1200%2C800&amp;ssl=1\" data-orig-size=\"1200,800\" data-comments-opened=\"1\" data-image-meta=\"{&quot;aperture&quot;:&quot;0&quot;,&quot;credit&quot;:&quot;&quot;,&quot;camera&quot;:&quot;&quot;,&quot;caption&quot;:&quot;&quot;,&quot;created_timestamp&quot;:&quot;0&quot;,&quot;copyright&quot;:&quot;&quot;,&quot;focal_length&quot;:&quot;0&quot;,&quot;iso&quot;:&quot;0&quot;,&quot;shutter_speed&quot;:&quot;0&quot;,&quot;title&quot;:&quot;&quot;,&quot;orientation&quot;:&quot;0&quot;}\" data-image-title=\"Offene-B\u00fchne-Dresden-Oktober-2014-Stadtteilhaus-Wanne-Fotos-Marc-Knepper-Knepptec (3)\" data-image-description=\"\" data-image-caption=\"\" data-large-file=\"https:\/\/i0.wp.com\/www.offene-buehne-dresden.de\/wp-content\/uploads\/2014\/11\/Offene-B%C3%BChne-Dresden-Oktober-2014-Stadtteilhaus-Wanne-Fotos-Marc-Knepper-Knepptec-3.jpg?fit=1024%2C683&amp;ssl=1\" class=\"aligncenter wp-image-9120 size-full\" style=\"box-shadow: 0 8px 6px -6px #000;\" src=\"https:\/\/i0.wp.com\/www.offene-buehne-dresden.de\/wp-content\/uploads\/2014\/11\/Offene-B%C3%BChne-Dresden-Oktober-2014-Stadtteilhaus-Wanne-Fotos-Marc-Knepper-Knepptec-3.jpg\" alt=\"Offene B\u00fchne Dresden Oktober 2014\"  srcset=\"https:\/\/i0.wp.com\/www.offene-buehne-dresden.de\/wp-content\/uploads\/2014\/11\/Offene-B%C3%BChne-Dresden-Oktober-2014-Stadtteilhaus-Wanne-Fotos-Marc-Knepper-Knepptec-3.jpg?w=1200&amp;ssl=1 1200w, https:\/\/i0.wp.com\/www.offene-buehne-dresden.de\/wp-content\/uploads\/2014\/11\/Offene-B%C3%BChne-Dresden-Oktober-2014-Stadtteilhaus-Wanne-Fotos-Marc-Knepper-Knepptec-3.jpg?resize=768%2C512&amp;ssl=1 768w, https:\/\/i0.wp.com\/www.offene-buehne-dresden.de\/wp-content\/uploads\/2014\/11\/Offene-B%C3%BChne-Dresden-Oktober-2014-Stadtteilhaus-Wanne-Fotos-Marc-Knepper-Knepptec-3.jpg?resize=1024%2C683&amp;ssl=1 1024w, https:\/\/i0.wp.com\/www.offene-buehne-dresden.de\/wp-content\/uploads\/2014\/11\/Offene-B%C3%BChne-Dresden-Oktober-2014-Stadtteilhaus-Wanne-Fotos-Marc-Knepper-Knepptec-3.jpg?resize=1064%2C709&amp;ssl=1 1064w, https:\/\/i0.wp.com\/www.offene-buehne-dresden.de\/wp-content\/uploads\/2014\/11\/Offene-B%C3%BChne-Dresden-Oktober-2014-Stadtteilhaus-Wanne-Fotos-Marc-Knepper-Knepptec-3.jpg?resize=716%2C477&amp;ssl=1 716w, https:\/\/i0.wp.com\/www.offene-buehne-dresden.de\/wp-content\/uploads\/2014\/11\/Offene-B%C3%BChne-Dresden-Oktober-2014-Stadtteilhaus-Wanne-Fotos-Marc-Knepper-Knepptec-3.jpg?resize=480%2C320&amp;ssl=1 480w, https:\/\/i0.wp.com\/www.offene-buehne-dresden.de\/wp-content\/uploads\/2014\/11\/Offene-B%C3%BChne-Dresden-Oktober-2014-Stadtteilhaus-Wanne-Fotos-Marc-Knepper-Knepptec-3.jpg?resize=300%2C200&amp;ssl=1 300w, https:\/\/i0.wp.com\/www.offene-buehne-dresden.de\/wp-content\/uploads\/2014\/11\/Offene-B%C3%BChne-Dresden-Oktober-2014-Stadtteilhaus-Wanne-Fotos-Marc-Knepper-Knepptec-3.jpg?resize=600%2C400&amp;ssl=1 600w\" sizes=\"(max-width: 1000px) 100vw, 1000px\" \/><\/a><\/p>\n<p>&nbsp;<\/p>\n<p><a href=\"https:\/\/herrenlosesbier.wordpress.com\/\"><strong>Nils<\/strong><\/a> moderierte nicht nur, er rezitierte auch &#8211; ein Gedicht aus <a href=\"https:\/\/herrenlosesbier.wordpress.com\/2014\/11\/05\/lieber-unschuldschmelzer\/\">K\u00fchlschrankmagneten<\/a>.<\/p>\n<p><a href=\"https:\/\/i0.wp.com\/www.offene-buehne-dresden.de\/wp-content\/uploads\/2014\/11\/Offene-B%C3%BChne-Dresden-Oktober-2014-Stadtteilhaus-Wanne-Fotos-Marc-Knepper-Knepptec-18.jpg\"><img data-recalc-dims=\"1\" decoding=\"async\" data-attachment-id=\"9135\" data-permalink=\"https:\/\/www.offene-buehne-dresden.de\/de\/offene-buehne-dresden-oktober-2014-stadtteilhaus-wanne-fotos-marc-knepper-knepptec-18\/\" data-orig-file=\"https:\/\/i0.wp.com\/www.offene-buehne-dresden.de\/wp-content\/uploads\/2014\/11\/Offene-B%C3%BChne-Dresden-Oktober-2014-Stadtteilhaus-Wanne-Fotos-Marc-Knepper-Knepptec-18.jpg?fit=1200%2C800&amp;ssl=1\" data-orig-size=\"1200,800\" data-comments-opened=\"1\" data-image-meta=\"{&quot;aperture&quot;:&quot;0&quot;,&quot;credit&quot;:&quot;&quot;,&quot;camera&quot;:&quot;&quot;,&quot;caption&quot;:&quot;&quot;,&quot;created_timestamp&quot;:&quot;0&quot;,&quot;copyright&quot;:&quot;&quot;,&quot;focal_length&quot;:&quot;0&quot;,&quot;iso&quot;:&quot;0&quot;,&quot;shutter_speed&quot;:&quot;0&quot;,&quot;title&quot;:&quot;&quot;,&quot;orientation&quot;:&quot;0&quot;}\" data-image-title=\"Offene-B\u00fchne-Dresden-Oktober-2014-Stadtteilhaus-Wanne-Fotos-Marc-Knepper-Knepptec (18)\" data-image-description=\"\" data-image-caption=\"\" data-large-file=\"https:\/\/i0.wp.com\/www.offene-buehne-dresden.de\/wp-content\/uploads\/2014\/11\/Offene-B%C3%BChne-Dresden-Oktober-2014-Stadtteilhaus-Wanne-Fotos-Marc-Knepper-Knepptec-18.jpg?fit=1024%2C683&amp;ssl=1\" class=\"aligncenter wp-image-9135 size-full\" style=\"box-shadow: 0 8px 6px -6px #000;\" src=\"https:\/\/i0.wp.com\/www.offene-buehne-dresden.de\/wp-content\/uploads\/2014\/11\/Offene-B%C3%BChne-Dresden-Oktober-2014-Stadtteilhaus-Wanne-Fotos-Marc-Knepper-Knepptec-18.jpg\" alt=\"Offene-B\u00fchne-Dresden-Oktober-2014-Stadtteilhaus-Wanne-Fotos-Marc-Knepper-Knepptec (18)\"  srcset=\"https:\/\/i0.wp.com\/www.offene-buehne-dresden.de\/wp-content\/uploads\/2014\/11\/Offene-B%C3%BChne-Dresden-Oktober-2014-Stadtteilhaus-Wanne-Fotos-Marc-Knepper-Knepptec-18.jpg?w=1200&amp;ssl=1 1200w, https:\/\/i0.wp.com\/www.offene-buehne-dresden.de\/wp-content\/uploads\/2014\/11\/Offene-B%C3%BChne-Dresden-Oktober-2014-Stadtteilhaus-Wanne-Fotos-Marc-Knepper-Knepptec-18.jpg?resize=768%2C512&amp;ssl=1 768w, https:\/\/i0.wp.com\/www.offene-buehne-dresden.de\/wp-content\/uploads\/2014\/11\/Offene-B%C3%BChne-Dresden-Oktober-2014-Stadtteilhaus-Wanne-Fotos-Marc-Knepper-Knepptec-18.jpg?resize=1024%2C683&amp;ssl=1 1024w, https:\/\/i0.wp.com\/www.offene-buehne-dresden.de\/wp-content\/uploads\/2014\/11\/Offene-B%C3%BChne-Dresden-Oktober-2014-Stadtteilhaus-Wanne-Fotos-Marc-Knepper-Knepptec-18.jpg?resize=1064%2C709&amp;ssl=1 1064w, https:\/\/i0.wp.com\/www.offene-buehne-dresden.de\/wp-content\/uploads\/2014\/11\/Offene-B%C3%BChne-Dresden-Oktober-2014-Stadtteilhaus-Wanne-Fotos-Marc-Knepper-Knepptec-18.jpg?resize=716%2C477&amp;ssl=1 716w, https:\/\/i0.wp.com\/www.offene-buehne-dresden.de\/wp-content\/uploads\/2014\/11\/Offene-B%C3%BChne-Dresden-Oktober-2014-Stadtteilhaus-Wanne-Fotos-Marc-Knepper-Knepptec-18.jpg?resize=480%2C320&amp;ssl=1 480w, https:\/\/i0.wp.com\/www.offene-buehne-dresden.de\/wp-content\/uploads\/2014\/11\/Offene-B%C3%BChne-Dresden-Oktober-2014-Stadtteilhaus-Wanne-Fotos-Marc-Knepper-Knepptec-18.jpg?resize=300%2C200&amp;ssl=1 300w, https:\/\/i0.wp.com\/www.offene-buehne-dresden.de\/wp-content\/uploads\/2014\/11\/Offene-B%C3%BChne-Dresden-Oktober-2014-Stadtteilhaus-Wanne-Fotos-Marc-Knepper-Knepptec-18.jpg?resize=600%2C400&amp;ssl=1 600w\" sizes=\"(max-width: 1000px) 100vw, 1000px\" \/><\/a><\/p>\n<p>&nbsp;<\/p>\n<p><a href=\"http:\/\/www.gruselgrotte.de\/\"><strong>Pierre<\/strong><\/a> trug seine Impressionen von einem <a href=\"http:\/\/www.gruselgrotte.de\/kurzer-prosatext-in-dem-etwas-ironisch-satirisch-oder-witzig-kritisiert-wird\/\">Spaziergang<\/a> zu Dresdner Bahnh\u00f6fen vor und bestach mit ironisch-trockenen Bemerkungen.<\/p>\n<p>&nbsp;<\/p>\n<p><a href=\"https:\/\/i0.wp.com\/www.offene-buehne-dresden.de\/wp-content\/uploads\/2014\/11\/Offene-B%C3%BChne-Dresden-Oktober-2014-Stadtteilhaus-Wanne-Fotos-Marc-Knepper-Knepptec-23.jpg\"><img data-recalc-dims=\"1\" decoding=\"async\" data-attachment-id=\"9140\" data-permalink=\"https:\/\/www.offene-buehne-dresden.de\/de\/offene-buehne-dresden-oktober-2014-stadtteilhaus-wanne-fotos-marc-knepper-knepptec-23\/\" data-orig-file=\"https:\/\/i0.wp.com\/www.offene-buehne-dresden.de\/wp-content\/uploads\/2014\/11\/Offene-B%C3%BChne-Dresden-Oktober-2014-Stadtteilhaus-Wanne-Fotos-Marc-Knepper-Knepptec-23.jpg?fit=1200%2C800&amp;ssl=1\" data-orig-size=\"1200,800\" data-comments-opened=\"1\" data-image-meta=\"{&quot;aperture&quot;:&quot;0&quot;,&quot;credit&quot;:&quot;&quot;,&quot;camera&quot;:&quot;&quot;,&quot;caption&quot;:&quot;&quot;,&quot;created_timestamp&quot;:&quot;0&quot;,&quot;copyright&quot;:&quot;&quot;,&quot;focal_length&quot;:&quot;0&quot;,&quot;iso&quot;:&quot;0&quot;,&quot;shutter_speed&quot;:&quot;0&quot;,&quot;title&quot;:&quot;&quot;,&quot;orientation&quot;:&quot;0&quot;}\" data-image-title=\"Offene-B\u00fchne-Dresden-Oktober-2014-Stadtteilhaus-Wanne-Fotos-Marc-Knepper-Knepptec (23)\" data-image-description=\"\" data-image-caption=\"\" data-large-file=\"https:\/\/i0.wp.com\/www.offene-buehne-dresden.de\/wp-content\/uploads\/2014\/11\/Offene-B%C3%BChne-Dresden-Oktober-2014-Stadtteilhaus-Wanne-Fotos-Marc-Knepper-Knepptec-23.jpg?fit=1024%2C683&amp;ssl=1\" class=\"aligncenter size-full wp-image-9140\" style=\"box-shadow: 0 8px 6px -6px #000;\" src=\"https:\/\/i0.wp.com\/www.offene-buehne-dresden.de\/wp-content\/uploads\/2014\/11\/Offene-B%C3%BChne-Dresden-Oktober-2014-Stadtteilhaus-Wanne-Fotos-Marc-Knepper-Knepptec-23.jpg\" alt=\"Offene-B\u00fchne-Dresden-Oktober-2014-Stadtteilhaus-Wanne-Fotos-Marc-Knepper-Knepptec (23)\"  srcset=\"https:\/\/i0.wp.com\/www.offene-buehne-dresden.de\/wp-content\/uploads\/2014\/11\/Offene-B%C3%BChne-Dresden-Oktober-2014-Stadtteilhaus-Wanne-Fotos-Marc-Knepper-Knepptec-23.jpg?w=1200&amp;ssl=1 1200w, https:\/\/i0.wp.com\/www.offene-buehne-dresden.de\/wp-content\/uploads\/2014\/11\/Offene-B%C3%BChne-Dresden-Oktober-2014-Stadtteilhaus-Wanne-Fotos-Marc-Knepper-Knepptec-23.jpg?resize=768%2C512&amp;ssl=1 768w, https:\/\/i0.wp.com\/www.offene-buehne-dresden.de\/wp-content\/uploads\/2014\/11\/Offene-B%C3%BChne-Dresden-Oktober-2014-Stadtteilhaus-Wanne-Fotos-Marc-Knepper-Knepptec-23.jpg?resize=1024%2C683&amp;ssl=1 1024w, https:\/\/i0.wp.com\/www.offene-buehne-dresden.de\/wp-content\/uploads\/2014\/11\/Offene-B%C3%BChne-Dresden-Oktober-2014-Stadtteilhaus-Wanne-Fotos-Marc-Knepper-Knepptec-23.jpg?resize=1064%2C709&amp;ssl=1 1064w, https:\/\/i0.wp.com\/www.offene-buehne-dresden.de\/wp-content\/uploads\/2014\/11\/Offene-B%C3%BChne-Dresden-Oktober-2014-Stadtteilhaus-Wanne-Fotos-Marc-Knepper-Knepptec-23.jpg?resize=716%2C477&amp;ssl=1 716w, https:\/\/i0.wp.com\/www.offene-buehne-dresden.de\/wp-content\/uploads\/2014\/11\/Offene-B%C3%BChne-Dresden-Oktober-2014-Stadtteilhaus-Wanne-Fotos-Marc-Knepper-Knepptec-23.jpg?resize=480%2C320&amp;ssl=1 480w, https:\/\/i0.wp.com\/www.offene-buehne-dresden.de\/wp-content\/uploads\/2014\/11\/Offene-B%C3%BChne-Dresden-Oktober-2014-Stadtteilhaus-Wanne-Fotos-Marc-Knepper-Knepptec-23.jpg?resize=300%2C200&amp;ssl=1 300w, https:\/\/i0.wp.com\/www.offene-buehne-dresden.de\/wp-content\/uploads\/2014\/11\/Offene-B%C3%BChne-Dresden-Oktober-2014-Stadtteilhaus-Wanne-Fotos-Marc-Knepper-Knepptec-23.jpg?resize=600%2C400&amp;ssl=1 600w\" sizes=\"(max-width: 1000px) 100vw, 1000px\" \/><\/a><\/p>\n<p>&nbsp;<\/p>\n<p><strong>Maxi<\/strong> servierte uns wieder &#8222;selbst gecoverte&#8220; Songs mit Eisenbahnflair. Sehr cool!<\/p>\n<p>&nbsp;<\/p>\n<p><a href=\"https:\/\/i0.wp.com\/www.offene-buehne-dresden.de\/wp-content\/uploads\/2014\/11\/Offene-B%C3%BChne-Dresden-Oktober-2014-Stadtteilhaus-Wanne-Fotos-Marc-Knepper-Knepptec-31.jpg\"><img data-recalc-dims=\"1\" decoding=\"async\" data-attachment-id=\"9148\" data-permalink=\"https:\/\/www.offene-buehne-dresden.de\/de\/offene-buehne-dresden-oktober-2014-stadtteilhaus-wanne-fotos-marc-knepper-knepptec-31\/\" data-orig-file=\"https:\/\/i0.wp.com\/www.offene-buehne-dresden.de\/wp-content\/uploads\/2014\/11\/Offene-B%C3%BChne-Dresden-Oktober-2014-Stadtteilhaus-Wanne-Fotos-Marc-Knepper-Knepptec-31.jpg?fit=1200%2C800&amp;ssl=1\" data-orig-size=\"1200,800\" data-comments-opened=\"1\" data-image-meta=\"{&quot;aperture&quot;:&quot;0&quot;,&quot;credit&quot;:&quot;&quot;,&quot;camera&quot;:&quot;&quot;,&quot;caption&quot;:&quot;&quot;,&quot;created_timestamp&quot;:&quot;0&quot;,&quot;copyright&quot;:&quot;&quot;,&quot;focal_length&quot;:&quot;0&quot;,&quot;iso&quot;:&quot;0&quot;,&quot;shutter_speed&quot;:&quot;0&quot;,&quot;title&quot;:&quot;&quot;,&quot;orientation&quot;:&quot;0&quot;}\" data-image-title=\"Offene-B\u00fchne-Dresden-Oktober-2014-Stadtteilhaus-Wanne-Fotos-Marc-Knepper-Knepptec (31)\" data-image-description=\"\" data-image-caption=\"\" data-large-file=\"https:\/\/i0.wp.com\/www.offene-buehne-dresden.de\/wp-content\/uploads\/2014\/11\/Offene-B%C3%BChne-Dresden-Oktober-2014-Stadtteilhaus-Wanne-Fotos-Marc-Knepper-Knepptec-31.jpg?fit=1024%2C683&amp;ssl=1\" class=\"aligncenter wp-image-9148 size-full\" style=\"box-shadow: 0 8px 6px -6px #000;\" src=\"https:\/\/i0.wp.com\/www.offene-buehne-dresden.de\/wp-content\/uploads\/2014\/11\/Offene-B%C3%BChne-Dresden-Oktober-2014-Stadtteilhaus-Wanne-Fotos-Marc-Knepper-Knepptec-31.jpg\" alt=\"Offene-B\u00fchne-Dresden-Oktober-2014-Stadtteilhaus-Wanne-Fotos-Marc-Knepper-Knepptec (31)\"  srcset=\"https:\/\/i0.wp.com\/www.offene-buehne-dresden.de\/wp-content\/uploads\/2014\/11\/Offene-B%C3%BChne-Dresden-Oktober-2014-Stadtteilhaus-Wanne-Fotos-Marc-Knepper-Knepptec-31.jpg?w=1200&amp;ssl=1 1200w, https:\/\/i0.wp.com\/www.offene-buehne-dresden.de\/wp-content\/uploads\/2014\/11\/Offene-B%C3%BChne-Dresden-Oktober-2014-Stadtteilhaus-Wanne-Fotos-Marc-Knepper-Knepptec-31.jpg?resize=768%2C512&amp;ssl=1 768w, https:\/\/i0.wp.com\/www.offene-buehne-dresden.de\/wp-content\/uploads\/2014\/11\/Offene-B%C3%BChne-Dresden-Oktober-2014-Stadtteilhaus-Wanne-Fotos-Marc-Knepper-Knepptec-31.jpg?resize=1024%2C683&amp;ssl=1 1024w, https:\/\/i0.wp.com\/www.offene-buehne-dresden.de\/wp-content\/uploads\/2014\/11\/Offene-B%C3%BChne-Dresden-Oktober-2014-Stadtteilhaus-Wanne-Fotos-Marc-Knepper-Knepptec-31.jpg?resize=1064%2C709&amp;ssl=1 1064w, https:\/\/i0.wp.com\/www.offene-buehne-dresden.de\/wp-content\/uploads\/2014\/11\/Offene-B%C3%BChne-Dresden-Oktober-2014-Stadtteilhaus-Wanne-Fotos-Marc-Knepper-Knepptec-31.jpg?resize=716%2C477&amp;ssl=1 716w, https:\/\/i0.wp.com\/www.offene-buehne-dresden.de\/wp-content\/uploads\/2014\/11\/Offene-B%C3%BChne-Dresden-Oktober-2014-Stadtteilhaus-Wanne-Fotos-Marc-Knepper-Knepptec-31.jpg?resize=480%2C320&amp;ssl=1 480w, https:\/\/i0.wp.com\/www.offene-buehne-dresden.de\/wp-content\/uploads\/2014\/11\/Offene-B%C3%BChne-Dresden-Oktober-2014-Stadtteilhaus-Wanne-Fotos-Marc-Knepper-Knepptec-31.jpg?resize=300%2C200&amp;ssl=1 300w, https:\/\/i0.wp.com\/www.offene-buehne-dresden.de\/wp-content\/uploads\/2014\/11\/Offene-B%C3%BChne-Dresden-Oktober-2014-Stadtteilhaus-Wanne-Fotos-Marc-Knepper-Knepptec-31.jpg?resize=600%2C400&amp;ssl=1 600w\" sizes=\"(max-width: 1000px) 100vw, 1000px\" \/><\/a><\/p>\n<p>&nbsp;<\/p>\n<p><a href=\"http:\/\/dunkelblaubisgolden.de\/\"><strong>Doreen<\/strong><\/a> trug zwei Gedichte vor und bezauberte mit ihrer eindringlichen Stimme.<\/p>\n<p>&nbsp;<\/p>\n<p><a href=\"https:\/\/i0.wp.com\/www.offene-buehne-dresden.de\/wp-content\/uploads\/2014\/11\/Offene-B%C3%BChne-Dresden-Oktober-2014-Stadtteilhaus-Wanne-Fotos-Marc-Knepper-Knepptec-33.jpg\"><img data-recalc-dims=\"1\" decoding=\"async\" data-attachment-id=\"9150\" data-permalink=\"https:\/\/www.offene-buehne-dresden.de\/de\/offene-buehne-dresden-oktober-2014-stadtteilhaus-wanne-fotos-marc-knepper-knepptec-33\/\" data-orig-file=\"https:\/\/i0.wp.com\/www.offene-buehne-dresden.de\/wp-content\/uploads\/2014\/11\/Offene-B%C3%BChne-Dresden-Oktober-2014-Stadtteilhaus-Wanne-Fotos-Marc-Knepper-Knepptec-33.jpg?fit=1200%2C800&amp;ssl=1\" data-orig-size=\"1200,800\" data-comments-opened=\"1\" data-image-meta=\"{&quot;aperture&quot;:&quot;0&quot;,&quot;credit&quot;:&quot;&quot;,&quot;camera&quot;:&quot;&quot;,&quot;caption&quot;:&quot;&quot;,&quot;created_timestamp&quot;:&quot;0&quot;,&quot;copyright&quot;:&quot;&quot;,&quot;focal_length&quot;:&quot;0&quot;,&quot;iso&quot;:&quot;0&quot;,&quot;shutter_speed&quot;:&quot;0&quot;,&quot;title&quot;:&quot;&quot;,&quot;orientation&quot;:&quot;0&quot;}\" data-image-title=\"Offene-B\u00fchne-Dresden-Oktober-2014-Stadtteilhaus-Wanne-Fotos-Marc-Knepper-Knepptec (33)\" data-image-description=\"\" data-image-caption=\"\" data-large-file=\"https:\/\/i0.wp.com\/www.offene-buehne-dresden.de\/wp-content\/uploads\/2014\/11\/Offene-B%C3%BChne-Dresden-Oktober-2014-Stadtteilhaus-Wanne-Fotos-Marc-Knepper-Knepptec-33.jpg?fit=1024%2C683&amp;ssl=1\" class=\"aligncenter size-full wp-image-9150\" style=\"box-shadow: 0 8px 6px -6px #000;\" src=\"https:\/\/i0.wp.com\/www.offene-buehne-dresden.de\/wp-content\/uploads\/2014\/11\/Offene-B%C3%BChne-Dresden-Oktober-2014-Stadtteilhaus-Wanne-Fotos-Marc-Knepper-Knepptec-33.jpg\" alt=\"Offene-B\u00fchne-Dresden-Oktober-2014-Stadtteilhaus-Wanne-Fotos-Marc-Knepper-Knepptec (33)\"  srcset=\"https:\/\/i0.wp.com\/www.offene-buehne-dresden.de\/wp-content\/uploads\/2014\/11\/Offene-B%C3%BChne-Dresden-Oktober-2014-Stadtteilhaus-Wanne-Fotos-Marc-Knepper-Knepptec-33.jpg?w=1200&amp;ssl=1 1200w, https:\/\/i0.wp.com\/www.offene-buehne-dresden.de\/wp-content\/uploads\/2014\/11\/Offene-B%C3%BChne-Dresden-Oktober-2014-Stadtteilhaus-Wanne-Fotos-Marc-Knepper-Knepptec-33.jpg?resize=768%2C512&amp;ssl=1 768w, https:\/\/i0.wp.com\/www.offene-buehne-dresden.de\/wp-content\/uploads\/2014\/11\/Offene-B%C3%BChne-Dresden-Oktober-2014-Stadtteilhaus-Wanne-Fotos-Marc-Knepper-Knepptec-33.jpg?resize=1024%2C683&amp;ssl=1 1024w, https:\/\/i0.wp.com\/www.offene-buehne-dresden.de\/wp-content\/uploads\/2014\/11\/Offene-B%C3%BChne-Dresden-Oktober-2014-Stadtteilhaus-Wanne-Fotos-Marc-Knepper-Knepptec-33.jpg?resize=1064%2C709&amp;ssl=1 1064w, https:\/\/i0.wp.com\/www.offene-buehne-dresden.de\/wp-content\/uploads\/2014\/11\/Offene-B%C3%BChne-Dresden-Oktober-2014-Stadtteilhaus-Wanne-Fotos-Marc-Knepper-Knepptec-33.jpg?resize=716%2C477&amp;ssl=1 716w, https:\/\/i0.wp.com\/www.offene-buehne-dresden.de\/wp-content\/uploads\/2014\/11\/Offene-B%C3%BChne-Dresden-Oktober-2014-Stadtteilhaus-Wanne-Fotos-Marc-Knepper-Knepptec-33.jpg?resize=480%2C320&amp;ssl=1 480w, https:\/\/i0.wp.com\/www.offene-buehne-dresden.de\/wp-content\/uploads\/2014\/11\/Offene-B%C3%BChne-Dresden-Oktober-2014-Stadtteilhaus-Wanne-Fotos-Marc-Knepper-Knepptec-33.jpg?resize=300%2C200&amp;ssl=1 300w, https:\/\/i0.wp.com\/www.offene-buehne-dresden.de\/wp-content\/uploads\/2014\/11\/Offene-B%C3%BChne-Dresden-Oktober-2014-Stadtteilhaus-Wanne-Fotos-Marc-Knepper-Knepptec-33.jpg?resize=600%2C400&amp;ssl=1 600w\" sizes=\"(max-width: 1000px) 100vw, 1000px\" \/><\/a><\/p>\n<p>&nbsp;<\/p>\n<p><strong>Friedemann<\/strong> kam diesmal allein und brachte uns R\u00e4tselmusik mit. Manchmal ziemlich knifflig!<\/p>\n<p>&nbsp;<\/p>\n<p><a href=\"https:\/\/i0.wp.com\/www.offene-buehne-dresden.de\/wp-content\/uploads\/2014\/11\/Offene-B%C3%BChne-Dresden-Oktober-2014-Stadtteilhaus-Wanne-Fotos-Marc-Knepper-Knepptec-35.jpg\"><img data-recalc-dims=\"1\" decoding=\"async\" data-attachment-id=\"9152\" data-permalink=\"https:\/\/www.offene-buehne-dresden.de\/de\/offene-buehne-dresden-oktober-2014-stadtteilhaus-wanne-fotos-marc-knepper-knepptec-35\/\" data-orig-file=\"https:\/\/i0.wp.com\/www.offene-buehne-dresden.de\/wp-content\/uploads\/2014\/11\/Offene-B%C3%BChne-Dresden-Oktober-2014-Stadtteilhaus-Wanne-Fotos-Marc-Knepper-Knepptec-35.jpg?fit=1200%2C800&amp;ssl=1\" data-orig-size=\"1200,800\" data-comments-opened=\"1\" data-image-meta=\"{&quot;aperture&quot;:&quot;0&quot;,&quot;credit&quot;:&quot;&quot;,&quot;camera&quot;:&quot;&quot;,&quot;caption&quot;:&quot;&quot;,&quot;created_timestamp&quot;:&quot;0&quot;,&quot;copyright&quot;:&quot;&quot;,&quot;focal_length&quot;:&quot;0&quot;,&quot;iso&quot;:&quot;0&quot;,&quot;shutter_speed&quot;:&quot;0&quot;,&quot;title&quot;:&quot;&quot;,&quot;orientation&quot;:&quot;0&quot;}\" data-image-title=\"Offene-B\u00fchne-Dresden-Oktober-2014-Stadtteilhaus-Wanne-Fotos-Marc-Knepper-Knepptec (35)\" data-image-description=\"\" data-image-caption=\"\" data-large-file=\"https:\/\/i0.wp.com\/www.offene-buehne-dresden.de\/wp-content\/uploads\/2014\/11\/Offene-B%C3%BChne-Dresden-Oktober-2014-Stadtteilhaus-Wanne-Fotos-Marc-Knepper-Knepptec-35.jpg?fit=1024%2C683&amp;ssl=1\" class=\"aligncenter size-full wp-image-9152\" style=\"box-shadow: 0 8px 6px -6px #000;\" src=\"https:\/\/i0.wp.com\/www.offene-buehne-dresden.de\/wp-content\/uploads\/2014\/11\/Offene-B%C3%BChne-Dresden-Oktober-2014-Stadtteilhaus-Wanne-Fotos-Marc-Knepper-Knepptec-35.jpg\" alt=\"Offene-B\u00fchne-Dresden-Oktober-2014-Stadtteilhaus-Wanne-Fotos-Marc-Knepper-Knepptec (35)\"  srcset=\"https:\/\/i0.wp.com\/www.offene-buehne-dresden.de\/wp-content\/uploads\/2014\/11\/Offene-B%C3%BChne-Dresden-Oktober-2014-Stadtteilhaus-Wanne-Fotos-Marc-Knepper-Knepptec-35.jpg?w=1200&amp;ssl=1 1200w, https:\/\/i0.wp.com\/www.offene-buehne-dresden.de\/wp-content\/uploads\/2014\/11\/Offene-B%C3%BChne-Dresden-Oktober-2014-Stadtteilhaus-Wanne-Fotos-Marc-Knepper-Knepptec-35.jpg?resize=768%2C512&amp;ssl=1 768w, https:\/\/i0.wp.com\/www.offene-buehne-dresden.de\/wp-content\/uploads\/2014\/11\/Offene-B%C3%BChne-Dresden-Oktober-2014-Stadtteilhaus-Wanne-Fotos-Marc-Knepper-Knepptec-35.jpg?resize=1024%2C683&amp;ssl=1 1024w, https:\/\/i0.wp.com\/www.offene-buehne-dresden.de\/wp-content\/uploads\/2014\/11\/Offene-B%C3%BChne-Dresden-Oktober-2014-Stadtteilhaus-Wanne-Fotos-Marc-Knepper-Knepptec-35.jpg?resize=1064%2C709&amp;ssl=1 1064w, https:\/\/i0.wp.com\/www.offene-buehne-dresden.de\/wp-content\/uploads\/2014\/11\/Offene-B%C3%BChne-Dresden-Oktober-2014-Stadtteilhaus-Wanne-Fotos-Marc-Knepper-Knepptec-35.jpg?resize=716%2C477&amp;ssl=1 716w, https:\/\/i0.wp.com\/www.offene-buehne-dresden.de\/wp-content\/uploads\/2014\/11\/Offene-B%C3%BChne-Dresden-Oktober-2014-Stadtteilhaus-Wanne-Fotos-Marc-Knepper-Knepptec-35.jpg?resize=480%2C320&amp;ssl=1 480w, https:\/\/i0.wp.com\/www.offene-buehne-dresden.de\/wp-content\/uploads\/2014\/11\/Offene-B%C3%BChne-Dresden-Oktober-2014-Stadtteilhaus-Wanne-Fotos-Marc-Knepper-Knepptec-35.jpg?resize=300%2C200&amp;ssl=1 300w, https:\/\/i0.wp.com\/www.offene-buehne-dresden.de\/wp-content\/uploads\/2014\/11\/Offene-B%C3%BChne-Dresden-Oktober-2014-Stadtteilhaus-Wanne-Fotos-Marc-Knepper-Knepptec-35.jpg?resize=600%2C400&amp;ssl=1 600w\" sizes=\"(max-width: 1000px) 100vw, 1000px\" \/><\/a><\/p>\n<p><strong>Robby<\/strong> war nach langer Zeit wieder bei uns zu Gast und las gesellschaftskritische Texte vor.<\/p>\n<p>&nbsp;<\/p>\n<p><a href=\"https:\/\/i0.wp.com\/www.offene-buehne-dresden.de\/wp-content\/uploads\/2014\/11\/Offene-B%C3%BChne-Dresden-Oktober-2014-Stadtteilhaus-Wanne-Fotos-Marc-Knepper-Knepptec-38.jpg\"><img data-recalc-dims=\"1\" decoding=\"async\" data-attachment-id=\"9155\" data-permalink=\"https:\/\/www.offene-buehne-dresden.de\/de\/offene-buehne-dresden-oktober-2014-stadtteilhaus-wanne-fotos-marc-knepper-knepptec-38\/\" data-orig-file=\"https:\/\/i0.wp.com\/www.offene-buehne-dresden.de\/wp-content\/uploads\/2014\/11\/Offene-B%C3%BChne-Dresden-Oktober-2014-Stadtteilhaus-Wanne-Fotos-Marc-Knepper-Knepptec-38.jpg?fit=1200%2C800&amp;ssl=1\" data-orig-size=\"1200,800\" data-comments-opened=\"1\" data-image-meta=\"{&quot;aperture&quot;:&quot;0&quot;,&quot;credit&quot;:&quot;&quot;,&quot;camera&quot;:&quot;&quot;,&quot;caption&quot;:&quot;&quot;,&quot;created_timestamp&quot;:&quot;0&quot;,&quot;copyright&quot;:&quot;&quot;,&quot;focal_length&quot;:&quot;0&quot;,&quot;iso&quot;:&quot;0&quot;,&quot;shutter_speed&quot;:&quot;0&quot;,&quot;title&quot;:&quot;&quot;,&quot;orientation&quot;:&quot;0&quot;}\" data-image-title=\"Offene-B\u00fchne-Dresden-Oktober-2014-Stadtteilhaus-Wanne-Fotos-Marc-Knepper-Knepptec (38)\" data-image-description=\"\" data-image-caption=\"\" data-large-file=\"https:\/\/i0.wp.com\/www.offene-buehne-dresden.de\/wp-content\/uploads\/2014\/11\/Offene-B%C3%BChne-Dresden-Oktober-2014-Stadtteilhaus-Wanne-Fotos-Marc-Knepper-Knepptec-38.jpg?fit=1024%2C683&amp;ssl=1\" class=\"aligncenter size-full wp-image-9155\" style=\"box-shadow: 0 8px 6px -6px #000;\" src=\"https:\/\/i0.wp.com\/www.offene-buehne-dresden.de\/wp-content\/uploads\/2014\/11\/Offene-B%C3%BChne-Dresden-Oktober-2014-Stadtteilhaus-Wanne-Fotos-Marc-Knepper-Knepptec-38.jpg\" alt=\"Offene-B\u00fchne-Dresden-Oktober-2014-Stadtteilhaus-Wanne-Fotos-Marc-Knepper-Knepptec (38)\"  srcset=\"https:\/\/i0.wp.com\/www.offene-buehne-dresden.de\/wp-content\/uploads\/2014\/11\/Offene-B%C3%BChne-Dresden-Oktober-2014-Stadtteilhaus-Wanne-Fotos-Marc-Knepper-Knepptec-38.jpg?w=1200&amp;ssl=1 1200w, https:\/\/i0.wp.com\/www.offene-buehne-dresden.de\/wp-content\/uploads\/2014\/11\/Offene-B%C3%BChne-Dresden-Oktober-2014-Stadtteilhaus-Wanne-Fotos-Marc-Knepper-Knepptec-38.jpg?resize=768%2C512&amp;ssl=1 768w, https:\/\/i0.wp.com\/www.offene-buehne-dresden.de\/wp-content\/uploads\/2014\/11\/Offene-B%C3%BChne-Dresden-Oktober-2014-Stadtteilhaus-Wanne-Fotos-Marc-Knepper-Knepptec-38.jpg?resize=1024%2C683&amp;ssl=1 1024w, https:\/\/i0.wp.com\/www.offene-buehne-dresden.de\/wp-content\/uploads\/2014\/11\/Offene-B%C3%BChne-Dresden-Oktober-2014-Stadtteilhaus-Wanne-Fotos-Marc-Knepper-Knepptec-38.jpg?resize=1064%2C709&amp;ssl=1 1064w, https:\/\/i0.wp.com\/www.offene-buehne-dresden.de\/wp-content\/uploads\/2014\/11\/Offene-B%C3%BChne-Dresden-Oktober-2014-Stadtteilhaus-Wanne-Fotos-Marc-Knepper-Knepptec-38.jpg?resize=716%2C477&amp;ssl=1 716w, https:\/\/i0.wp.com\/www.offene-buehne-dresden.de\/wp-content\/uploads\/2014\/11\/Offene-B%C3%BChne-Dresden-Oktober-2014-Stadtteilhaus-Wanne-Fotos-Marc-Knepper-Knepptec-38.jpg?resize=480%2C320&amp;ssl=1 480w, https:\/\/i0.wp.com\/www.offene-buehne-dresden.de\/wp-content\/uploads\/2014\/11\/Offene-B%C3%BChne-Dresden-Oktober-2014-Stadtteilhaus-Wanne-Fotos-Marc-Knepper-Knepptec-38.jpg?resize=300%2C200&amp;ssl=1 300w, https:\/\/i0.wp.com\/www.offene-buehne-dresden.de\/wp-content\/uploads\/2014\/11\/Offene-B%C3%BChne-Dresden-Oktober-2014-Stadtteilhaus-Wanne-Fotos-Marc-Knepper-Knepptec-38.jpg?resize=600%2C400&amp;ssl=1 600w\" sizes=\"(max-width: 1000px) 100vw, 1000px\" \/><\/a><\/p>\n<p>Mit <strong>Dennis Woodcock<\/strong> besuchte uns ein Stra\u00dfenmusiker aus London. Er spielte poppige Songs auf seiner Gitarre.<\/p>\n<p>&nbsp;<\/p>\n<p><a href=\"https:\/\/i0.wp.com\/www.offene-buehne-dresden.de\/wp-content\/uploads\/2014\/11\/Offene-B%C3%BChne-Dresden-Oktober-2014-Stadtteilhaus-Wanne-Fotos-Marc-Knepper-Knepptec-40.jpg\"><img data-recalc-dims=\"1\" decoding=\"async\" data-attachment-id=\"9157\" data-permalink=\"https:\/\/www.offene-buehne-dresden.de\/de\/offene-buehne-dresden-oktober-2014-stadtteilhaus-wanne-fotos-marc-knepper-knepptec-40\/\" data-orig-file=\"https:\/\/i0.wp.com\/www.offene-buehne-dresden.de\/wp-content\/uploads\/2014\/11\/Offene-B%C3%BChne-Dresden-Oktober-2014-Stadtteilhaus-Wanne-Fotos-Marc-Knepper-Knepptec-40.jpg?fit=1200%2C800&amp;ssl=1\" data-orig-size=\"1200,800\" data-comments-opened=\"1\" data-image-meta=\"{&quot;aperture&quot;:&quot;0&quot;,&quot;credit&quot;:&quot;&quot;,&quot;camera&quot;:&quot;&quot;,&quot;caption&quot;:&quot;&quot;,&quot;created_timestamp&quot;:&quot;0&quot;,&quot;copyright&quot;:&quot;&quot;,&quot;focal_length&quot;:&quot;0&quot;,&quot;iso&quot;:&quot;0&quot;,&quot;shutter_speed&quot;:&quot;0&quot;,&quot;title&quot;:&quot;&quot;,&quot;orientation&quot;:&quot;0&quot;}\" data-image-title=\"Offene-B\u00fchne-Dresden-Oktober-2014-Stadtteilhaus-Wanne-Fotos-Marc-Knepper-Knepptec (40)\" data-image-description=\"\" data-image-caption=\"\" data-large-file=\"https:\/\/i0.wp.com\/www.offene-buehne-dresden.de\/wp-content\/uploads\/2014\/11\/Offene-B%C3%BChne-Dresden-Oktober-2014-Stadtteilhaus-Wanne-Fotos-Marc-Knepper-Knepptec-40.jpg?fit=1024%2C683&amp;ssl=1\" class=\"aligncenter size-full wp-image-9157\" style=\"box-shadow: 0 8px 6px -6px #000;\" src=\"https:\/\/i0.wp.com\/www.offene-buehne-dresden.de\/wp-content\/uploads\/2014\/11\/Offene-B%C3%BChne-Dresden-Oktober-2014-Stadtteilhaus-Wanne-Fotos-Marc-Knepper-Knepptec-40.jpg\" alt=\"Offene-B\u00fchne-Dresden-Oktober-2014-Stadtteilhaus-Wanne-Fotos-Marc-Knepper-Knepptec (40)\"  srcset=\"https:\/\/i0.wp.com\/www.offene-buehne-dresden.de\/wp-content\/uploads\/2014\/11\/Offene-B%C3%BChne-Dresden-Oktober-2014-Stadtteilhaus-Wanne-Fotos-Marc-Knepper-Knepptec-40.jpg?w=1200&amp;ssl=1 1200w, https:\/\/i0.wp.com\/www.offene-buehne-dresden.de\/wp-content\/uploads\/2014\/11\/Offene-B%C3%BChne-Dresden-Oktober-2014-Stadtteilhaus-Wanne-Fotos-Marc-Knepper-Knepptec-40.jpg?resize=768%2C512&amp;ssl=1 768w, https:\/\/i0.wp.com\/www.offene-buehne-dresden.de\/wp-content\/uploads\/2014\/11\/Offene-B%C3%BChne-Dresden-Oktober-2014-Stadtteilhaus-Wanne-Fotos-Marc-Knepper-Knepptec-40.jpg?resize=1024%2C683&amp;ssl=1 1024w, https:\/\/i0.wp.com\/www.offene-buehne-dresden.de\/wp-content\/uploads\/2014\/11\/Offene-B%C3%BChne-Dresden-Oktober-2014-Stadtteilhaus-Wanne-Fotos-Marc-Knepper-Knepptec-40.jpg?resize=1064%2C709&amp;ssl=1 1064w, https:\/\/i0.wp.com\/www.offene-buehne-dresden.de\/wp-content\/uploads\/2014\/11\/Offene-B%C3%BChne-Dresden-Oktober-2014-Stadtteilhaus-Wanne-Fotos-Marc-Knepper-Knepptec-40.jpg?resize=716%2C477&amp;ssl=1 716w, https:\/\/i0.wp.com\/www.offene-buehne-dresden.de\/wp-content\/uploads\/2014\/11\/Offene-B%C3%BChne-Dresden-Oktober-2014-Stadtteilhaus-Wanne-Fotos-Marc-Knepper-Knepptec-40.jpg?resize=480%2C320&amp;ssl=1 480w, https:\/\/i0.wp.com\/www.offene-buehne-dresden.de\/wp-content\/uploads\/2014\/11\/Offene-B%C3%BChne-Dresden-Oktober-2014-Stadtteilhaus-Wanne-Fotos-Marc-Knepper-Knepptec-40.jpg?resize=300%2C200&amp;ssl=1 300w, https:\/\/i0.wp.com\/www.offene-buehne-dresden.de\/wp-content\/uploads\/2014\/11\/Offene-B%C3%BChne-Dresden-Oktober-2014-Stadtteilhaus-Wanne-Fotos-Marc-Knepper-Knepptec-40.jpg?resize=600%2C400&amp;ssl=1 600w\" sizes=\"(max-width: 1000px) 100vw, 1000px\" \/><\/a><\/p>\n<p>&nbsp;<\/p>\n<p><span class=\"fsl\"><strong>Michael Hagmaier<\/strong> trat schon bei einigen Poetry Slams auf. Bei uns trug er einen surrealen Text \u00fcber Eiscreme vor.<br \/>\n<\/span><\/p>\n<p>&nbsp;<\/p>\n<p>&nbsp;<\/p>\n<p>Au\u00dferdem hatten wir einen <strong>spontanen Musiker<\/strong>, der ein Liebeslied spielte.<\/p>\n<p><em>Mit ein paar Liedern von Wilder Mohn endete dieser sehr vielf\u00e4ltige Abend. Wir haben viele, kurze Beitr\u00e4ge gesehen, wir haben gelacht, geweint und mitgewippt und am Ende waren alle sehr erquickt. Vielen Dank an alle K\u00fcnstler und ein tolles Publikum!<\/em><\/p>\n","protected":false},"excerpt":{"rendered":"<p>Der Herbst ist in voller Bl\u00fcte &#8211; und genauso bl\u00fchend vor Inspiration und guten Beitr\u00e4gen war die Offene B\u00fchne im&#8230;<\/p>\n","protected":false},"author":10,"featured_media":9165,"comment_status":"closed","ping_status":"closed","sticky":false,"template":"","format":"standard","meta":{"ngg_post_thumbnail":0,"_jetpack_memberships_contains_paid_content":false,"wds_primary_category":0,"footnotes":""},"categories":[69],"tags":[],"class_list":["post-9287","post","type-post","status-publish","format-standard","has-post-thumbnail","hentry","category-oktober-2014","wpcat-69-id"],"jetpack_featured_media_url":"https:\/\/i0.wp.com\/www.offene-buehne-dresden.de\/wp-content\/uploads\/2014\/11\/Offene-B%C3%BChne-Dresden-Oktober-2014-Stadtteilhaus-Wanne-Fotos-Marc-Knepper-Knepptec-48.jpg?fit=1200%2C800&ssl=1","jetpack_sharing_enabled":true,"_links":{"self":[{"href":"https:\/\/www.offene-buehne-dresden.de\/de\/wp-json\/wp\/v2\/posts\/9287","targetHints":{"allow":["GET"]}}],"collection":[{"href":"https:\/\/www.offene-buehne-dresden.de\/de\/wp-json\/wp\/v2\/posts"}],"about":[{"href":"https:\/\/www.offene-buehne-dresden.de\/de\/wp-json\/wp\/v2\/types\/post"}],"author":[{"embeddable":true,"href":"https:\/\/www.offene-buehne-dresden.de\/de\/wp-json\/wp\/v2\/users\/10"}],"replies":[{"embeddable":true,"href":"https:\/\/www.offene-buehne-dresden.de\/de\/wp-json\/wp\/v2\/comments?post=9287"}],"version-history":[{"count":10,"href":"https:\/\/www.offene-buehne-dresden.de\/de\/wp-json\/wp\/v2\/posts\/9287\/revisions"}],"predecessor-version":[{"id":9364,"href":"https:\/\/www.offene-buehne-dresden.de\/de\/wp-json\/wp\/v2\/posts\/9287\/revisions\/9364"}],"wp:featuredmedia":[{"embeddable":true,"href":"https:\/\/www.offene-buehne-dresden.de\/de\/wp-json\/wp\/v2\/media\/9165"}],"wp:attachment":[{"href":"https:\/\/www.offene-buehne-dresden.de\/de\/wp-json\/wp\/v2\/media?parent=9287"}],"wp:term":[{"taxonomy":"category","embeddable":true,"href":"https:\/\/www.offene-buehne-dresden.de\/de\/wp-json\/wp\/v2\/categories?post=9287"},{"taxonomy":"post_tag","embeddable":true,"href":"https:\/\/www.offene-buehne-dresden.de\/de\/wp-json\/wp\/v2\/tags?post=9287"}],"curies":[{"name":"wp","href":"https:\/\/api.w.org\/{rel}","templated":true}]}}