{"id":895,"date":"2011-07-29T15:05:44","date_gmt":"2011-07-29T13:05:44","guid":{"rendered":"http:\/\/www.offene-buehne-dresden.de\/?p=895"},"modified":"2019-08-17T19:09:19","modified_gmt":"2019-08-17T18:09:19","slug":"im-juli-offene-sommerpause-nachste-offene-buhne-28-august","status":"publish","type":"post","link":"https:\/\/www.offene-buehne-dresden.de\/de\/im-juli-offene-sommerpause-nachste-offene-buhne-28-august\/","title":{"rendered":"Im Juli offene Sommerpause &#8211; n\u00e4chste Offene B\u00fchne 28. August"},"content":{"rendered":"<p>Liebe Leute,<\/p>\n<p>diesen letzten Julisonntag\u00a0pausiert wie angek\u00fcndigt unserere Veranstaltung ausnahmweislich offiziell.\u00a0\u00a0\u00a0\u00a0\u00a0\u00a0\u00a0\u00a0\u00a0\u00a0\u00a0\u00a0\u00a0\u00a0\u00a0\u00a0\u00a0\u00a0\u00a0\u00a0\u00a0\u00a0\u00a0\u00a0\u00a0\u00a0\u00a0\u00a0\u00a0\u00a0\u00a0\u00a0\u00a0\u00a0\u00a0\u00a0 Zwar m\u00f6chten sich einige Freunde bei eventuellen doch noch sch\u00f6nen Wetter am Sonntagabend auf die Elbwiese an der Albertbr\u00fccke setzen, um sich einer gewissen Tradition folgend,\u00a0entspannt\u00a0gegenseitig was vorszuspielen oder zu texten, aber das\u00a0h\u00e4ngt an genannten Fragezeichen.<\/p>\n<p>Richtig weiter geht es am So. den 28. August dann wieder in der legend\u00e4ren Blauen Fabrik. Auftrittsw\u00fcnsche werden gern entgegen genommen, f\u00fcr diesen Termin ist noch einiges an P l a t z\u00a0 on stage.\u00a0\u00a0<\/p>\n<p>Querverweise:\u00a0 Gro\u00df angelegte B\u00fchnenliteratur, auch mit Gesichtern die wir von der Offenen B\u00fchne kennen,\u00a0\u00a0\u00a0\u00a0\u00a0\u00a0\u00a0\u00a0\u00a0\u00a0\u00a0\u00a0\u00a0\u00a0\u00a0\u00a0\u00a0\u00a0\u00a0\u00a0\u00a0\u00a0 \u00a0gibt es am Sa.\u00a0den\u00a030. in der Freilichtb\u00fchne Garde\u00a0\u00a0(siehe\u00a0livelyrix.de<\/p>\n<p>Au\u00dferdem veranstaltet unser Freund, Maler und Lyriker Cristopher Simpson am gleichen Tag eine internationale Kunstparty im Sch\u00fctzenhaus Wehlen unter dem Motto: &#8222;Kunst, Wurst, Bier &#8211; die Party&#8220;\u00a0\u00a0(siehe gleichnamige facebookseite)\u00a0. Dies mal als Kulturausflugstipp<\/p>\n<p>Bis bald und sch\u00f6ne Sommertage\u00a0\u00a0\u00a0\u00a0\u00a0\u00a0\u00a0\u00a0\u00a0\u00a0\u00a0\u00a0\u00a0\u00a0\u00a0\u00a0\u00a0\u00a0\u00a0\u00a0\u00a0\u00a0\u00a0\u00a0\u00a0\u00a0\u00a0\u00a0\u00a0\u00a0\u00a0\u00a0\u00a0\u00a0\u00a0\u00a0\u00a0\u00a0\u00a0\u00a0\u00a0\u00a0\u00a0\u00a0\u00a0\u00a0\u00a0\u00a0\u00a0\u00a0\u00a0\u00a0\u00a0\u00a0\u00a0\u00a0\u00a0\u00a0\u00a0\u00a0\u00a0\u00a0\u00a0\u00a0\u00a0\u00a0\u00a0\u00a0\u00a0\u00a0\u00a0\u00a0\u00a0\u00a0\u00a0\u00a0\u00a0\u00a0\u00a0\u00a0\u00a0\u00a0<\/p>\n<p>&nbsp;<\/p>\n<p>&nbsp;<\/p>\n<p>&nbsp;<\/p>\n<p>&nbsp;<\/p>\n","protected":false},"excerpt":{"rendered":"<p>Liebe Leute, diesen letzten Julisonntag\u00a0pausiert wie angek\u00fcndigt unserere Veranstaltung ausnahmweislich offiziell.\u00a0\u00a0\u00a0\u00a0\u00a0\u00a0\u00a0\u00a0\u00a0\u00a0\u00a0\u00a0\u00a0\u00a0\u00a0\u00a0\u00a0\u00a0\u00a0\u00a0\u00a0\u00a0\u00a0\u00a0\u00a0\u00a0\u00a0\u00a0\u00a0\u00a0\u00a0\u00a0\u00a0\u00a0\u00a0\u00a0 Zwar m\u00f6chten sich einige Freunde bei eventuellen doch noch&#8230;<\/p>\n","protected":false},"author":11,"featured_media":0,"comment_status":"closed","ping_status":"closed","sticky":false,"template":"","format":"standard","meta":{"ngg_post_thumbnail":0,"_jetpack_memberships_contains_paid_content":false,"wds_primary_category":0,"footnotes":""},"categories":[1],"tags":[],"class_list":["post-895","post","type-post","status-publish","format-standard","hentry","category-allgemein","wpcat-1-id"],"jetpack_featured_media_url":"","jetpack_sharing_enabled":true,"_links":{"self":[{"href":"https:\/\/www.offene-buehne-dresden.de\/de\/wp-json\/wp\/v2\/posts\/895","targetHints":{"allow":["GET"]}}],"collection":[{"href":"https:\/\/www.offene-buehne-dresden.de\/de\/wp-json\/wp\/v2\/posts"}],"about":[{"href":"https:\/\/www.offene-buehne-dresden.de\/de\/wp-json\/wp\/v2\/types\/post"}],"author":[{"embeddable":true,"href":"https:\/\/www.offene-buehne-dresden.de\/de\/wp-json\/wp\/v2\/users\/11"}],"replies":[{"embeddable":true,"href":"https:\/\/www.offene-buehne-dresden.de\/de\/wp-json\/wp\/v2\/comments?post=895"}],"version-history":[{"count":1,"href":"https:\/\/www.offene-buehne-dresden.de\/de\/wp-json\/wp\/v2\/posts\/895\/revisions"}],"predecessor-version":[{"id":5914,"href":"https:\/\/www.offene-buehne-dresden.de\/de\/wp-json\/wp\/v2\/posts\/895\/revisions\/5914"}],"wp:attachment":[{"href":"https:\/\/www.offene-buehne-dresden.de\/de\/wp-json\/wp\/v2\/media?parent=895"}],"wp:term":[{"taxonomy":"category","embeddable":true,"href":"https:\/\/www.offene-buehne-dresden.de\/de\/wp-json\/wp\/v2\/categories?post=895"},{"taxonomy":"post_tag","embeddable":true,"href":"https:\/\/www.offene-buehne-dresden.de\/de\/wp-json\/wp\/v2\/tags?post=895"}],"curies":[{"name":"wp","href":"https:\/\/api.w.org\/{rel}","templated":true}]}}