{"id":13048,"date":"2020-07-09T14:48:40","date_gmt":"2020-07-09T12:48:40","guid":{"rendered":"https:\/\/www.offene-buehne-dresden.de\/?p=13048"},"modified":"2020-07-09T05:07:10","modified_gmt":"2020-07-09T03:07:10","slug":"juni-2020-eine-buehne-mit-abstand","status":"publish","type":"post","link":"https:\/\/www.offene-buehne-dresden.de\/de\/juni-2020-eine-buehne-mit-abstand\/","title":{"rendered":"Juni 2020 &#8211; eine B\u00fchne mit Abstand"},"content":{"rendered":"<p>Bevor wir in die Sommerpause starteten, pr\u00e4sentierten wir Euch nochmals das beste von gestern, heute und morgen oder auch: talentierte K\u00fcnstler, erstmals, mehrmals &#8230;<\/p>\n<p><span class=\" _2iem\" role=\"heading\" aria-level=\"4\">Aufgrund der Covid-19 Restriktionen sind wir in den Co-Working-Space &#8222;<em>Quartier 22<\/em>&#8220; ausgewichen und erlebten nach langer Zeit wieder eine tolle und sehr inspirierende B\u00fchne!<\/span><\/p>\n<p>Mit dabei waren:<\/p>\n<ul>\n<li>Christian Perle<\/li>\n<li>Flo Durden<\/li>\n<li>Alex &amp; Khey<\/li>\n<li>Jan Oechsner<\/li>\n<li>Anya<\/li>\n<li>Kin<\/li>\n<li>Ren\u00e9 Seim<\/li>\n<\/ul>\n<p><span class=\" _2iem\" role=\"heading\" aria-level=\"4\">Vielen Dank an die K\u00fcnstler, das Publikum, dem Quartier 22 f\u00fcr den wunderbaren Raum und die Orga!<\/span><\/p>\nngg_shortcode_0_placeholder\n","protected":false},"excerpt":{"rendered":"<p>Bevor wir in die Sommerpause starteten, pr\u00e4sentierten wir Euch nochmals das beste von gestern, heute und morgen oder auch: talentierte&#8230;<\/p>\n","protected":false},"author":11,"featured_media":13050,"comment_status":"closed","ping_status":"closed","sticky":false,"template":"","format":"standard","meta":{"ngg_post_thumbnail":0,"_jetpack_memberships_contains_paid_content":false,"wds_primary_category":0,"footnotes":""},"categories":[153],"tags":[],"class_list":["post-13048","post","type-post","status-publish","format-standard","has-post-thumbnail","hentry","category-juni-2020","wpcat-153-id"],"jetpack_featured_media_url":"https:\/\/i0.wp.com\/www.offene-buehne-dresden.de\/wp-content\/uploads\/2020\/07\/Offene_B%C3%BChne_Juni_2020.jpg?fit=1275%2C847&ssl=1","jetpack_sharing_enabled":true,"_links":{"self":[{"href":"https:\/\/www.offene-buehne-dresden.de\/de\/wp-json\/wp\/v2\/posts\/13048","targetHints":{"allow":["GET"]}}],"collection":[{"href":"https:\/\/www.offene-buehne-dresden.de\/de\/wp-json\/wp\/v2\/posts"}],"about":[{"href":"https:\/\/www.offene-buehne-dresden.de\/de\/wp-json\/wp\/v2\/types\/post"}],"author":[{"embeddable":true,"href":"https:\/\/www.offene-buehne-dresden.de\/de\/wp-json\/wp\/v2\/users\/11"}],"replies":[{"embeddable":true,"href":"https:\/\/www.offene-buehne-dresden.de\/de\/wp-json\/wp\/v2\/comments?post=13048"}],"version-history":[{"count":7,"href":"https:\/\/www.offene-buehne-dresden.de\/de\/wp-json\/wp\/v2\/posts\/13048\/revisions"}],"predecessor-version":[{"id":13068,"href":"https:\/\/www.offene-buehne-dresden.de\/de\/wp-json\/wp\/v2\/posts\/13048\/revisions\/13068"}],"wp:featuredmedia":[{"embeddable":true,"href":"https:\/\/www.offene-buehne-dresden.de\/de\/wp-json\/wp\/v2\/media\/13050"}],"wp:attachment":[{"href":"https:\/\/www.offene-buehne-dresden.de\/de\/wp-json\/wp\/v2\/media?parent=13048"}],"wp:term":[{"taxonomy":"category","embeddable":true,"href":"https:\/\/www.offene-buehne-dresden.de\/de\/wp-json\/wp\/v2\/categories?post=13048"},{"taxonomy":"post_tag","embeddable":true,"href":"https:\/\/www.offene-buehne-dresden.de\/de\/wp-json\/wp\/v2\/tags?post=13048"}],"curies":[{"name":"wp","href":"https:\/\/api.w.org\/{rel}","templated":true}]}}