{"id":1268,"date":"2013-03-27T22:59:04","date_gmt":"2013-03-27T21:59:04","guid":{"rendered":"http:\/\/www.offene-buehne-dresden.de\/?p=1268"},"modified":"2014-08-16T09:49:52","modified_gmt":"2014-08-16T07:49:52","slug":"die-offene-osterbuhne-in-der-blauen-fabrik","status":"publish","type":"post","link":"https:\/\/www.offene-buehne-dresden.de\/de\/die-offene-osterbuhne-in-der-blauen-fabrik\/","title":{"rendered":"Die Offene Osterb\u00fchne in der Blauen Fabrik"},"content":{"rendered":"<p>Hall\u00f6 liebe Leute,<\/p>\n<p>unser Ausflugtipp f\u00fcr Sonntagabend: kulturelle Ostern im Osten der \u00c4u\u00dferen Neustadt also konkret 20 Uhr in der Blauen Fabrik zur Offenen B\u00fchne. Was durchaus auch ein Ausflug in die Berge ist, da die Band &#8222;Mountain High&#8220; den Abend akustisch umspielen wird. Und auch sonst erwartet uns wieder ein volles Programm mit gesungenen, gelesenen und gesprochenen Worten, mit diversen Musikinstrumenten und \u00dcberraschendem<\/p>\n<p>B\u00fchnenseitige Vormerkungen sind f\u00fcr diesen Abend leider nicht mehr m\u00f6glich, aber die Offene B\u00fchne geht ja im April mit frischen Schwung weiter.<\/p>\n<p>Vorfreudige Gr\u00fc\u00dfe<br \/>\nstephen b. und die OB<\/p>\n<p>Ach ja bitte beachten: Es geht 20 Uhr &#8222;Mitteleurop\u00e4ische Sommerzeit&#8220; los. Hoffentlich verschl\u00e4ft der Fr\u00fchling nicht auch noch diesen Termin.<\/p>\n","protected":false},"excerpt":{"rendered":"<p>Hall\u00f6 liebe Leute, unser Ausflugtipp f\u00fcr Sonntagabend: kulturelle Ostern im Osten der \u00c4u\u00dferen Neustadt also konkret 20 Uhr in der&#8230;<\/p>\n","protected":false},"author":11,"featured_media":6059,"comment_status":"closed","ping_status":"closed","sticky":false,"template":"","format":"standard","meta":{"ngg_post_thumbnail":0,"_jetpack_memberships_contains_paid_content":false,"wds_primary_category":0,"footnotes":""},"categories":[1],"tags":[],"class_list":["post-1268","post","type-post","status-publish","format-standard","has-post-thumbnail","hentry","category-allgemein","wpcat-1-id"],"jetpack_featured_media_url":"https:\/\/i0.wp.com\/www.offene-buehne-dresden.de\/wp-content\/uploads\/ngg_featured\/dsc_8005.jpg?fit=1280%2C848&ssl=1","jetpack_sharing_enabled":true,"_links":{"self":[{"href":"https:\/\/www.offene-buehne-dresden.de\/de\/wp-json\/wp\/v2\/posts\/1268","targetHints":{"allow":["GET"]}}],"collection":[{"href":"https:\/\/www.offene-buehne-dresden.de\/de\/wp-json\/wp\/v2\/posts"}],"about":[{"href":"https:\/\/www.offene-buehne-dresden.de\/de\/wp-json\/wp\/v2\/types\/post"}],"author":[{"embeddable":true,"href":"https:\/\/www.offene-buehne-dresden.de\/de\/wp-json\/wp\/v2\/users\/11"}],"replies":[{"embeddable":true,"href":"https:\/\/www.offene-buehne-dresden.de\/de\/wp-json\/wp\/v2\/comments?post=1268"}],"version-history":[{"count":2,"href":"https:\/\/www.offene-buehne-dresden.de\/de\/wp-json\/wp\/v2\/posts\/1268\/revisions"}],"predecessor-version":[{"id":6060,"href":"https:\/\/www.offene-buehne-dresden.de\/de\/wp-json\/wp\/v2\/posts\/1268\/revisions\/6060"}],"wp:featuredmedia":[{"embeddable":true,"href":"https:\/\/www.offene-buehne-dresden.de\/de\/wp-json\/wp\/v2\/media\/6059"}],"wp:attachment":[{"href":"https:\/\/www.offene-buehne-dresden.de\/de\/wp-json\/wp\/v2\/media?parent=1268"}],"wp:term":[{"taxonomy":"category","embeddable":true,"href":"https:\/\/www.offene-buehne-dresden.de\/de\/wp-json\/wp\/v2\/categories?post=1268"},{"taxonomy":"post_tag","embeddable":true,"href":"https:\/\/www.offene-buehne-dresden.de\/de\/wp-json\/wp\/v2\/tags?post=1268"}],"curies":[{"name":"wp","href":"https:\/\/api.w.org\/{rel}","templated":true}]}}