{"id":9789,"date":"2015-10-25T12:02:52","date_gmt":"2015-10-25T10:02:52","guid":{"rendered":"http:\/\/www.offene-buehne-dresden.de\/?p=9789"},"modified":"2015-10-25T12:02:52","modified_gmt":"2015-10-25T10:02:52","slug":"die-offene-buehne-dresden-im-oktober-2015","status":"publish","type":"post","link":"https:\/\/www.offene-buehne-dresden.de\/cs\/die-offene-buehne-dresden-im-oktober-2015\/","title":{"rendered":"<p>Otev\u0159en\u00e1 sc\u00e9na Dr\u00e1\u017e\u010fany v \u0159\u00edjnu 2015<\/p>"},"content":{"rendered":"<p>Dobr\u00fd den, v\u00e1\u017een\u00ed p\u0159\u00e1tel\u00e9<br>\nP\u0159\u00e1tel\u00e9 otev\u0159en\u00e9 sc\u00e9ny,<p>Srde\u010dn\u011b V\u00e1s zveme v ned\u011bli,<br>\ndne 25. \u0159\u00edjna 2015 na Open Stage v okresn\u00edm dom\u011b Dresden-Neustadt.<\/p><p>A op\u011bt na v\u00e1s \u010dek\u00e1 \u0161irok\u00e1 \u0161k\u00e1la lyrick\u00e9ho a hudebn\u00edho um\u011bn\u00ed. T\u011b\u0161\u00edme se na v\u00e1s!<\/p><p>&gt;&gt; go &gt;&gt; poslouchejte &gt;&gt; p\u0159ipojte se k n\u00e1m<\/p><p>Stefan C, Patu, Marc, Rajko a Vivian<\/p><\/p>","protected":false},"excerpt":{"rendered":"<p>Hallo Liebe Freundinnen und Freunde der Offenen B&uuml;hne, wir laden Euch herzlichst am Sonntag, dem 25. Oktober 2015 zur Offenen&hellip;<\/p>","protected":false},"author":3,"featured_media":9788,"comment_status":"closed","ping_status":"closed","sticky":false,"template":"","format":"standard","meta":{"ngg_post_thumbnail":0,"_jetpack_memberships_contains_paid_content":false,"wds_primary_category":0,"footnotes":""},"categories":[85],"tags":[],"class_list":["post-9789","post","type-post","status-publish","format-standard","has-post-thumbnail","hentry","category-oktober-2015","wpcat-85-id"],"jetpack_featured_media_url":"https:\/\/i0.wp.com\/www.offene-buehne-dresden.de\/wp-content\/uploads\/2015\/10\/offene-buehne-Dresden-Oktober-2015.jpg?fit=679%2C960&ssl=1","jetpack_sharing_enabled":true,"_links":{"self":[{"href":"https:\/\/www.offene-buehne-dresden.de\/cs\/wp-json\/wp\/v2\/posts\/9789","targetHints":{"allow":["GET"]}}],"collection":[{"href":"https:\/\/www.offene-buehne-dresden.de\/cs\/wp-json\/wp\/v2\/posts"}],"about":[{"href":"https:\/\/www.offene-buehne-dresden.de\/cs\/wp-json\/wp\/v2\/types\/post"}],"author":[{"embeddable":true,"href":"https:\/\/www.offene-buehne-dresden.de\/cs\/wp-json\/wp\/v2\/users\/3"}],"replies":[{"embeddable":true,"href":"https:\/\/www.offene-buehne-dresden.de\/cs\/wp-json\/wp\/v2\/comments?post=9789"}],"version-history":[{"count":1,"href":"https:\/\/www.offene-buehne-dresden.de\/cs\/wp-json\/wp\/v2\/posts\/9789\/revisions"}],"predecessor-version":[{"id":9790,"href":"https:\/\/www.offene-buehne-dresden.de\/cs\/wp-json\/wp\/v2\/posts\/9789\/revisions\/9790"}],"wp:featuredmedia":[{"embeddable":true,"href":"https:\/\/www.offene-buehne-dresden.de\/cs\/wp-json\/wp\/v2\/media\/9788"}],"wp:attachment":[{"href":"https:\/\/www.offene-buehne-dresden.de\/cs\/wp-json\/wp\/v2\/media?parent=9789"}],"wp:term":[{"taxonomy":"category","embeddable":true,"href":"https:\/\/www.offene-buehne-dresden.de\/cs\/wp-json\/wp\/v2\/categories?post=9789"},{"taxonomy":"post_tag","embeddable":true,"href":"https:\/\/www.offene-buehne-dresden.de\/cs\/wp-json\/wp\/v2\/tags?post=9789"}],"curies":[{"name":"wp","href":"https:\/\/api.w.org\/{rel}","templated":true}]}}