{"id":932,"date":"2011-11-22T19:49:00","date_gmt":"2011-11-22T18:49:00","guid":{"rendered":"http:\/\/www.offene-buehne-dresden.de\/?p=932"},"modified":"2019-08-17T19:09:19","modified_gmt":"2019-08-17T18:09:19","slug":"erster-und-letzter","status":"publish","type":"post","link":"https:\/\/www.offene-buehne-dresden.de\/cs\/erster-und-letzter\/","title":{"rendered":"<p>Prvn\u00ed a posledn\u00ed<\/p>"},"content":{"rendered":"<p>Dobr\u00fd den, mil\u00ed \u010dten\u00e1\u0159i a mil\u00ed \u010dten\u00e1\u0159i,<p>Prvn\u00ed adventn\u00ed ned\u011ble je z\u00e1rove\u0148 posledn\u00ed listopadovou ned\u011bl\u00ed, kter\u00e1 n\u00e1m mimo jin\u00e9 poukazuje na to, \u017ee - jasn\u011b - p\u0159\u00ed\u0161t\u00ed ned\u011bli se op\u011bt otev\u0159e p\u00f3dium Modr\u00e9 tov\u00e1rny (nebo tak\u00e9 dov\u00e1d\u011bn\u00ed \u010di proch\u00e1zka). T\u011b\u0161\u00edme se na n\u011bkter\u00e9, kte\u0159\u00ed s n\u00e1mi je\u0161t\u011b nebyli a jsou zv\u011bdav\u00ed, co se skr\u00fdv\u00e1 za nap\u0159. \u201eCousCous\u201c, \u201eNoKingNoCrown\u201c nebo \u201eMillionsschulze\u201c. Osv\u011bd\u010den\u00fdmi p\u00f3diov\u00fdmi p\u0159\u00e1teli jsou v\u0161ak i n\u011bkte\u0159\u00ed z nich a rozsah op\u011bt sah\u00e1 od \u010dist\u00e9 literatury a\u017e po neo\u010dek\u00e1van\u00e9 a\u017e po kytaru s mal\u00fdmkinsstromem.<\/p><p>Dobr\u00e9 a n\u011bjak tak\u00e9 \u0161patn\u00e9, \u017ee program s\u00e1m o sob\u011b je ji\u017e pln\u00fd nebo \u017e\u00e1dn\u00e9 v\u00fdhrady jsou ji\u017e mo\u017en\u00e9. Zda ve\u010der ponech\u00e1v\u00e1 prostor pro spont\u00e1nnost, se teprve uvid\u00ed.<\/p><p>Ach ano, , First a Last jsou na Open Stage pouze kalend\u00e1\u0159ov\u00e9, sout\u011b\u017en\u00ed spole\u010dnost zde m\u00e1 p\u0159est\u00e1vku.<\/p><p>A\u017e do ned\u011ble kr\u00e1sn\u00e9 dny<br>\n\u0160t\u011bp\u00e1n B.<\/p><\/p>","protected":false},"excerpt":{"rendered":"<p>Hallo liebe Leute und geneigte Leser, der erste So. des Adventes ist ja gleichzeitig der letzte So. des Novembers, was&hellip;<\/p>","protected":false},"author":11,"featured_media":0,"comment_status":"closed","ping_status":"closed","sticky":false,"template":"","format":"standard","meta":{"ngg_post_thumbnail":0,"_jetpack_memberships_contains_paid_content":false,"wds_primary_category":0,"footnotes":""},"categories":[1],"tags":[],"class_list":["post-932","post","type-post","status-publish","format-standard","hentry","category-allgemein","wpcat-1-id"],"jetpack_featured_media_url":"","jetpack_sharing_enabled":true,"_links":{"self":[{"href":"https:\/\/www.offene-buehne-dresden.de\/cs\/wp-json\/wp\/v2\/posts\/932","targetHints":{"allow":["GET"]}}],"collection":[{"href":"https:\/\/www.offene-buehne-dresden.de\/cs\/wp-json\/wp\/v2\/posts"}],"about":[{"href":"https:\/\/www.offene-buehne-dresden.de\/cs\/wp-json\/wp\/v2\/types\/post"}],"author":[{"embeddable":true,"href":"https:\/\/www.offene-buehne-dresden.de\/cs\/wp-json\/wp\/v2\/users\/11"}],"replies":[{"embeddable":true,"href":"https:\/\/www.offene-buehne-dresden.de\/cs\/wp-json\/wp\/v2\/comments?post=932"}],"version-history":[{"count":1,"href":"https:\/\/www.offene-buehne-dresden.de\/cs\/wp-json\/wp\/v2\/posts\/932\/revisions"}],"predecessor-version":[{"id":5907,"href":"https:\/\/www.offene-buehne-dresden.de\/cs\/wp-json\/wp\/v2\/posts\/932\/revisions\/5907"}],"wp:attachment":[{"href":"https:\/\/www.offene-buehne-dresden.de\/cs\/wp-json\/wp\/v2\/media?parent=932"}],"wp:term":[{"taxonomy":"category","embeddable":true,"href":"https:\/\/www.offene-buehne-dresden.de\/cs\/wp-json\/wp\/v2\/categories?post=932"},{"taxonomy":"post_tag","embeddable":true,"href":"https:\/\/www.offene-buehne-dresden.de\/cs\/wp-json\/wp\/v2\/tags?post=932"}],"curies":[{"name":"wp","href":"https:\/\/api.w.org\/{rel}","templated":true}]}}