{"id":9294,"date":"2015-02-03T19:10:07","date_gmt":"2015-02-03T17:10:07","guid":{"rendered":"http:\/\/www.offene-buehne-dresden.de\/?p=9294"},"modified":"2015-03-30T20:45:51","modified_gmt":"2015-03-30T18:45:51","slug":"weihnachtliches-auf-irisch-die-offene-buehne-im-november","status":"publish","type":"post","link":"https:\/\/www.offene-buehne-dresden.de\/cs\/weihnachtliches-auf-irisch-die-offene-buehne-im-november\/","title":{"rendered":"<p>V\u00e1noce v ir\u0161tin\u011b \u2013 otev\u0159en\u00e9 jevi\u0161t\u011b v listopadu<\/p>"},"content":{"rendered":"<p><em>Pot\u00e9, co \u201erozj\u00edm\u00e1n\u00ed\u201c dorazilo do obchod\u016f ji\u017e v z\u00e1\u0159\u00ed, zah\u00e1jili jsme slavnostn\u00ed atmosf\u00e9ru DEZemberu v posledn\u00ed den listopadu. Na\u0161e moder\u00e1torsk\u00e9 duo Stefan Ce a Marc Knepper to roz\u0161\u00ed\u0159ili o velkou \u010d\u00e1st z\u00e1bavy a p\u0159edstavili n\u00e1m p\u00e1r gag\u016f.<\/em><p>R\u00e1mov\u00e1 p\u00e1ska byla <a href=\"https:\/\/www.facebook.com\/wastelandexpedition\"><strong>Expedice do pustiny<\/strong><\/a>. Dali n\u00e1m tipy proti hlasitosti \u2013 pak se zvuky rozl\u00e9tly kolem na\u0161ich u\u0161\u00ed. Se dv\u011bma kytarami, basou, hlasit\u00fdmi bic\u00edmi a siln\u00fdm hlasem ot\u0159\u00e1sli st\u011bnami okresn\u00edho domu.<\/p><p><a href=\"http:\/\/www.gruselgrotte.de\/\"><strong>Pierre<\/strong><\/a> P\u0159in\u00e1\u0161\u00edme text o <a href=\"http:\/\/www.gruselgrotte.de\/traumsuche-nach-dem-unbewohnten-kaditz\/\">Zch\u00e1tral\u00e9 budovy v Kaditzu<\/a> p\u0159edt\u00edm. Jeho slova p\u0159ipom\u00ednala \u010dasy, kdy jste byli mlad\u00ed a state\u010dn\u011b bloudili po okol\u00ed. Velmi melancholick\u00e9.<\/p><p><strong><a href=\"http:\/\/www.suantrai.de\/\">Annette a J\u00e1kob<\/a><\/strong> zahr\u00e1la n\u011bkolik p\u00edsn\u00ed ze sv\u00e9ho CD \u201eSuantrai\u201c jako akustickou verzi. Irsko-skotsk\u00e9 p\u00edsn\u011b, \u010d\u00e1ste\u010dn\u011b v gael\u0161tin\u011b, \u0161\u00ed\u0159ily svou mysticko-meditativn\u00ed n\u00e1ladu po cel\u00e9 m\u00edstnosti.<\/p><p><strong>Anne to<\/strong> P\u0159e\u010dt\u011bte si text \u201eHelga\u201c. Smutn\u00e9 \u0159\u00e1dky vypr\u00e1v\u011bly o obt\u00ed\u017e\u00edch spojen\u00fdch se st\u00e1rnut\u00edm.<\/p><p><strong>Romy M\u00f6hrkeov\u00e1<\/strong> Na p\u00f3diu se houpalo s kytarou, dobr\u00fdmi texty a spoustou vkusu. Jejich p\u00edsn\u011b byly obvi\u0148uj\u00edc\u00ed, melancholick\u00e9 a m\u011bly spoustu energie!<\/p><p><a href=\"https:\/\/www.youtube.com\/channel\/UCTmPsvkE7YgXbk9UEZRU6Uw\"><strong>Ren\u00e9 vlk<\/strong> <\/a>informoval o fotbalov\u00e9m z\u00e1pase N\u011bmecko-Ghana \u2013 ve verzi, kter\u00e1 nebyla uvedena v televizi. Ironick\u00fd text zachytil p\u0159edsudky a prom\u011bnil je v prav\u00fd opak. Velmi z\u00e1bavn\u00e9!<\/p><p><strong>Po p\u0159est\u00e1vce<\/strong> na\u0161i moder\u00e1to\u0159i po\u0159\u00eddili stylovou selfie \u2013 aplikace pro n\u011bmeck\u00e9 Next Top Mods pr\u00e1v\u011b prob\u00edh\u00e1.<\/p><p><strong>DJ Flexibiln\u00ed<\/strong> P\u0159inesl si televizi a uk\u00e1zal film o Dresdner Skater. Surrealistick\u00e9 d\u00edlo bylo podpo\u0159eno jeho hudbou.<\/p><p><strong>Andrea Wechslerov\u00e1<\/strong> \u010d\u00edst b\u00e1sn\u011b z jej\u00ed sb\u00edrky b\u00e1sn\u00ed \u201eKdy\u017e se paralely prot\u00ednaj\u00ed\u201c. Texty byly spole\u010densky kritick\u00e9 a velmi ironick\u00e9. Nakonec popsala chaotick\u00e9 V\u00e1noce.<\/p><p><strong>Raikova str\u00e1\u017e<\/strong> P\u0159inesl kytaru pro sv\u00e9 d\u011bti a zazp\u00edval satirick\u00e9 p\u00edsn\u011b o lidech, kte\u0159\u00ed proch\u00e1zeli kolem sv\u00fdch p\u0159\u00e1n\u00ed.<\/p><p><a href=\"http:\/\/pirat-micha.blog.de\/\"><strong>Michael Winkler<\/strong><\/a> p\u0159edstavil b\u00e1se\u0148 o sv\u00e9m rodn\u00e9m m\u011bst\u011b \u2013 \u201eChemnitz, m\u011bsto modernity\u201c. Zab\u00fdval se tak\u00e9 hnut\u00edm Pegida, ne\u017e se stalo romantick\u00fdm s \u201eNezaslou\u017e\u00ed\u0161 si m\u011b\u201c.<\/p><p>Pot\u00e9, co jsme <strong>Expedice do pustiny<\/strong> Tane\u010dn\u00ed noha se oto\u010dila, dala <strong>Raik<\/strong> p\u0159\u00eddavek na \u017e\u00e1dost fanou\u0161ka \u2013 bez fanou\u0161ka, ale s velkou radost\u00ed. I kdy\u017e jeho p\u00edse\u0148 o hromad\u00e1ch v muze\u00edch nevyhovovala ka\u017ed\u00e9mu vkusu, jeho voln\u011b na\u010dechran\u00e9 p\u0159edn\u00e1\u0161ky jsou velmi vtipn\u00e9!<\/p><p><em>Byl hlasit\u00fd, tich\u00fd, zv\u011bdav\u00fd a m\u00edsty velmi v\u00e1\u017en\u00fd. Barevn\u00e1 sm\u011bs s dobr\u00fdmi moder\u00e1tory! Zvl\u00e1\u0161tn\u00ed pochvala pro Marca, kter\u00fd skv\u011ble zvl\u00e1dl svou dvojn\u00e1sobnou roli moder\u00e1tora a fotografa! V\u0161em moc d\u011bkujeme \u2013 uvid\u00edme se p\u0159\u00ed\u0161t\u011b!<\/em><\/p><p>&nbsp;<\/p><p>&nbsp;<\/p><\/p>","protected":false},"excerpt":{"rendered":"<p>Nachdem in den L&auml;den schon im September &bdquo;Besinnlichkeit&ldquo; einkehrte, starteten wir am letzten Tag des NOVembers in die feierliche Stimmung&hellip;<\/p>","protected":false},"author":10,"featured_media":9316,"comment_status":"closed","ping_status":"closed","sticky":false,"template":"","format":"standard","meta":{"ngg_post_thumbnail":0,"_jetpack_memberships_contains_paid_content":false,"wds_primary_category":0,"footnotes":""},"categories":[70],"tags":[],"class_list":["post-9294","post","type-post","status-publish","format-standard","has-post-thumbnail","hentry","category-november-2014","wpcat-70-id"],"jetpack_featured_media_url":"https:\/\/i0.wp.com\/www.offene-buehne-dresden.de\/wp-content\/uploads\/2014\/12\/Offene-Buehne-Dresden-November-2014-fotos-Marc-Knepper-Knepptec-17.jpg?fit=1200%2C800&ssl=1","jetpack_sharing_enabled":true,"_links":{"self":[{"href":"https:\/\/www.offene-buehne-dresden.de\/cs\/wp-json\/wp\/v2\/posts\/9294","targetHints":{"allow":["GET"]}}],"collection":[{"href":"https:\/\/www.offene-buehne-dresden.de\/cs\/wp-json\/wp\/v2\/posts"}],"about":[{"href":"https:\/\/www.offene-buehne-dresden.de\/cs\/wp-json\/wp\/v2\/types\/post"}],"author":[{"embeddable":true,"href":"https:\/\/www.offene-buehne-dresden.de\/cs\/wp-json\/wp\/v2\/users\/10"}],"replies":[{"embeddable":true,"href":"https:\/\/www.offene-buehne-dresden.de\/cs\/wp-json\/wp\/v2\/comments?post=9294"}],"version-history":[{"count":1,"href":"https:\/\/www.offene-buehne-dresden.de\/cs\/wp-json\/wp\/v2\/posts\/9294\/revisions"}],"predecessor-version":[{"id":9295,"href":"https:\/\/www.offene-buehne-dresden.de\/cs\/wp-json\/wp\/v2\/posts\/9294\/revisions\/9295"}],"wp:featuredmedia":[{"embeddable":true,"href":"https:\/\/www.offene-buehne-dresden.de\/cs\/wp-json\/wp\/v2\/media\/9316"}],"wp:attachment":[{"href":"https:\/\/www.offene-buehne-dresden.de\/cs\/wp-json\/wp\/v2\/media?parent=9294"}],"wp:term":[{"taxonomy":"category","embeddable":true,"href":"https:\/\/www.offene-buehne-dresden.de\/cs\/wp-json\/wp\/v2\/categories?post=9294"},{"taxonomy":"post_tag","embeddable":true,"href":"https:\/\/www.offene-buehne-dresden.de\/cs\/wp-json\/wp\/v2\/tags?post=9294"}],"curies":[{"name":"wp","href":"https:\/\/api.w.org\/{rel}","templated":true}]}}