{"id":9287,"date":"2014-10-30T20:19:09","date_gmt":"2014-10-30T18:19:09","guid":{"rendered":"http:\/\/www.offene-buehne-dresden.de\/?p=9287"},"modified":"2014-12-27T13:32:42","modified_gmt":"2014-12-27T11:32:42","slug":"ein-mann-ist-nicht-genug-die-oktober-buehne","status":"publish","type":"post","link":"https:\/\/www.offene-buehne-dresden.de\/cs\/ein-mann-ist-nicht-genug-die-oktober-buehne\/","title":{"rendered":"<p>Jeden \u010dlov\u011bk nesta\u010d\u00ed \u2013 \u0159\u00edjnov\u00e1 etapa<\/p>"},"content":{"rendered":"<p><em>Podzim je v pln\u00e9m rozkv\u011btu \u2013 a otev\u0159en\u00e1 f\u00e1ze v \u0159\u00edjnu byla stejn\u011b \u00fasp\u011b\u0161n\u00e1 s inspirac\u00ed a dobr\u00fdmi p\u0159\u00edsp\u011bvky. Tentokr\u00e1t n\u00e1\u0161 moder\u00e1tor Stefan Ce byl podpo\u0159en Poetry Slammer Nils Matzka, kter\u00fd p\u0159i\u0161el dlouhou cestu z Lipska k n\u00e1m.<\/em><p>&nbsp;<\/p><p><a href=\"https:\/\/i0.wp.com\/www.offene-buehne-dresden.de\/wp-content\/uploads\/2014\/11\/Offene-B%C3%BChne-Dresden-Oktober-2014-Stadtteilhaus-Wanne-Fotos-Marc-Knepper-Knepptec-9.jpg\"><img data-recalc-dims=\"1\" height=\"1024\" decoding=\"async\" data-attachment-id=\"9126\" data-permalink=\"https:\/\/www.offene-buehne-dresden.de\/cs\/offene-buehne-dresden-oktober-2014-stadtteilhaus-wanne-fotos-marc-knepper-knepptec-9\/\" data-orig-file=\"https:\/\/i0.wp.com\/www.offene-buehne-dresden.de\/wp-content\/uploads\/2014\/11\/Offene-B%C3%BChne-Dresden-Oktober-2014-Stadtteilhaus-Wanne-Fotos-Marc-Knepper-Knepptec-9.jpg?fit=1200%2C800&amp;ssl=1\" data-orig-size=\"1200,800\" data-comments-opened=\"1\" data-image-meta='{\"aperture\":\"0\",\"credit\":\"\",\"camera\":\"\",\"caption\":\"\",\"created_timestamp\":\"0\",\"copyright\":\"\",\"focal_length\":\"0\",\"iso\":\"0\",\"shutter_speed\":\"0\",\"title\":\"\",\"orientation\":\"0\"}' data-image-title=\"Offene-B&uuml;hne-Dresden-Oktober-2014-Stadtteilhaus-Wanne-Fotos-Marc-Knepper-Knepptec (9)\" data-image-description=\"\" data-image-caption=\"\" data-large-file=\"https:\/\/i0.wp.com\/www.offene-buehne-dresden.de\/wp-content\/uploads\/2014\/11\/Offene-B%C3%BChne-Dresden-Oktober-2014-Stadtteilhaus-Wanne-Fotos-Marc-Knepper-Knepptec-9.jpg?fit=1024%2C683&amp;ssl=1\" class=\"aligncenter size-large wp-image-9126\" style=\"box-shadow: 0 8px 6px -6px #000;\" src=\"https:\/\/i0.wp.com\/www.offene-buehne-dresden.de\/wp-content\/uploads\/2014\/11\/Offene-B%C3%BChne-Dresden-Oktober-2014-Stadtteilhaus-Wanne-Fotos-Marc-Knepper-Knepptec-9-1024x682.jpg?fit=1024%2C1024\" alt=\"Wilder M\" width=\"1024\"><\/a><\/p><p>&nbsp;<\/p><p>R\u00e1mov\u00e1 p\u00e1ska byla <a href=\"https:\/\/www.facebook.com\/pages\/Wilder-Mohn\/407652272718311\"><strong>M\u00e1k divok\u00fd<\/strong><\/a>, kter\u00e1 se inspirovala kr\u00e1sn\u00fdmi n\u00e1stroji a promy\u0161len\u00fdmi texty.<\/p><p>&nbsp;<\/p><p><a href=\"https:\/\/i0.wp.com\/www.offene-buehne-dresden.de\/wp-content\/uploads\/2014\/11\/Offene-B%C3%BChne-Dresden-Oktober-2014-Stadtteilhaus-Wanne-Fotos-Marc-Knepper-Knepptec-11.jpg\"><img data-recalc-dims=\"1\" decoding=\"async\" data-attachment-id=\"9128\" data-permalink=\"https:\/\/www.offene-buehne-dresden.de\/cs\/offene-buehne-dresden-oktober-2014-stadtteilhaus-wanne-fotos-marc-knepper-knepptec-11\/\" data-orig-file=\"https:\/\/i0.wp.com\/www.offene-buehne-dresden.de\/wp-content\/uploads\/2014\/11\/Offene-B%C3%BChne-Dresden-Oktober-2014-Stadtteilhaus-Wanne-Fotos-Marc-Knepper-Knepptec-11.jpg?fit=1200%2C800&amp;ssl=1\" data-orig-size=\"1200,800\" data-comments-opened=\"1\" data-image-meta='{\"aperture\":\"0\",\"credit\":\"\",\"camera\":\"\",\"caption\":\"\",\"created_timestamp\":\"0\",\"copyright\":\"\",\"focal_length\":\"0\",\"iso\":\"0\",\"shutter_speed\":\"0\",\"title\":\"\",\"orientation\":\"0\"}' data-image-title=\"Offene-B&uuml;hne-Dresden-Oktober-2014-Stadtteilhaus-Wanne-Fotos-Marc-Knepper-Knepptec (11)\" data-image-description=\"\" data-image-caption=\"\" data-large-file=\"https:\/\/i0.wp.com\/www.offene-buehne-dresden.de\/wp-content\/uploads\/2014\/11\/Offene-B%C3%BChne-Dresden-Oktober-2014-Stadtteilhaus-Wanne-Fotos-Marc-Knepper-Knepptec-11.jpg?fit=1024%2C683&amp;ssl=1\" class=\"aligncenter wp-image-9128 size-full\" style=\"box-shadow: 0 8px 6px -6px #000;\" src=\"https:\/\/i0.wp.com\/www.offene-buehne-dresden.de\/wp-content\/uploads\/2014\/11\/Offene-B%C3%BChne-Dresden-Oktober-2014-Stadtteilhaus-Wanne-Fotos-Marc-Knepper-Knepptec-11.jpg\" alt=\"Otev\u0159en\u00e1 sc\u00e9na Dr\u00e1\u017e\u010fany \u0158\u00edjen 2014 Fotky z Townhouse Tub Marc Knepper Knepptec (11)\" srcset=\"https:\/\/i0.wp.com\/www.offene-buehne-dresden.de\/wp-content\/uploads\/2014\/11\/Offene-B%C3%BChne-Dresden-Oktober-2014-Stadtteilhaus-Wanne-Fotos-Marc-Knepper-Knepptec-11.jpg?w=1200&amp;ssl=1 1200w, https:\/\/i0.wp.com\/www.offene-buehne-dresden.de\/wp-content\/uploads\/2014\/11\/Offene-B%C3%BChne-Dresden-Oktober-2014-Stadtteilhaus-Wanne-Fotos-Marc-Knepper-Knepptec-11.jpg?resize=768%2C512&amp;ssl=1 768w, https:\/\/i0.wp.com\/www.offene-buehne-dresden.de\/wp-content\/uploads\/2014\/11\/Offene-B%C3%BChne-Dresden-Oktober-2014-Stadtteilhaus-Wanne-Fotos-Marc-Knepper-Knepptec-11.jpg?resize=1024%2C683&amp;ssl=1 1024w, https:\/\/i0.wp.com\/www.offene-buehne-dresden.de\/wp-content\/uploads\/2014\/11\/Offene-B%C3%BChne-Dresden-Oktober-2014-Stadtteilhaus-Wanne-Fotos-Marc-Knepper-Knepptec-11.jpg?resize=1064%2C709&amp;ssl=1 1064w, https:\/\/i0.wp.com\/www.offene-buehne-dresden.de\/wp-content\/uploads\/2014\/11\/Offene-B%C3%BChne-Dresden-Oktober-2014-Stadtteilhaus-Wanne-Fotos-Marc-Knepper-Knepptec-11.jpg?resize=716%2C477&amp;ssl=1 716w, https:\/\/i0.wp.com\/www.offene-buehne-dresden.de\/wp-content\/uploads\/2014\/11\/Offene-B%C3%BChne-Dresden-Oktober-2014-Stadtteilhaus-Wanne-Fotos-Marc-Knepper-Knepptec-11.jpg?resize=480%2C320&amp;ssl=1 480w, https:\/\/i0.wp.com\/www.offene-buehne-dresden.de\/wp-content\/uploads\/2014\/11\/Offene-B%C3%BChne-Dresden-Oktober-2014-Stadtteilhaus-Wanne-Fotos-Marc-Knepper-Knepptec-11.jpg?resize=300%2C200&amp;ssl=1 300w, https:\/\/i0.wp.com\/www.offene-buehne-dresden.de\/wp-content\/uploads\/2014\/11\/Offene-B%C3%BChne-Dresden-Oktober-2014-Stadtteilhaus-Wanne-Fotos-Marc-Knepper-Knepptec-11.jpg?resize=600%2C400&amp;ssl=1 600w\" sizes=\"(max-width: 1000px) 100vw, 1000px\"><\/a><\/p><p>&nbsp;<\/p><p>Pak si obl\u00e9kl <strong>Ferri Leberlov\u00e1<\/strong> Text z jeho pov\u00eddkov\u00e9 knihy <em>Rozbit\u00e9 su\u0161enky<\/em> p\u0159edt\u00edm. Tahle byla o vesm\u00edrn\u00e9 lodi a byla trochu ironick\u00e1.<\/p><p>&nbsp;<\/p><p><a href=\"https:\/\/i0.wp.com\/www.offene-buehne-dresden.de\/wp-content\/uploads\/2014\/11\/Offene-B%C3%BChne-Dresden-Oktober-2014-Stadtteilhaus-Wanne-Fotos-Marc-Knepper-Knepptec-14.jpg\"><img data-recalc-dims=\"1\" decoding=\"async\" data-attachment-id=\"9131\" data-permalink=\"https:\/\/www.offene-buehne-dresden.de\/cs\/offene-buehne-dresden-oktober-2014-stadtteilhaus-wanne-fotos-marc-knepper-knepptec-14\/\" data-orig-file=\"https:\/\/i0.wp.com\/www.offene-buehne-dresden.de\/wp-content\/uploads\/2014\/11\/Offene-B%C3%BChne-Dresden-Oktober-2014-Stadtteilhaus-Wanne-Fotos-Marc-Knepper-Knepptec-14.jpg?fit=1200%2C800&amp;ssl=1\" data-orig-size=\"1200,800\" data-comments-opened=\"1\" data-image-meta='{\"aperture\":\"0\",\"credit\":\"\",\"camera\":\"\",\"caption\":\"\",\"created_timestamp\":\"0\",\"copyright\":\"\",\"focal_length\":\"0\",\"iso\":\"0\",\"shutter_speed\":\"0\",\"title\":\"\",\"orientation\":\"0\"}' data-image-title=\"Offene-B&uuml;hne-Dresden-Oktober-2014-Stadtteilhaus-Wanne-Fotos-Marc-Knepper-Knepptec (14)\" data-image-description=\"\" data-image-caption=\"\" data-large-file=\"https:\/\/i0.wp.com\/www.offene-buehne-dresden.de\/wp-content\/uploads\/2014\/11\/Offene-B%C3%BChne-Dresden-Oktober-2014-Stadtteilhaus-Wanne-Fotos-Marc-Knepper-Knepptec-14.jpg?fit=1024%2C683&amp;ssl=1\" class=\"aligncenter wp-image-9131 size-full\" style=\"box-shadow: 0 8px 6px -6px #000;\" src=\"https:\/\/i0.wp.com\/www.offene-buehne-dresden.de\/wp-content\/uploads\/2014\/11\/Offene-B%C3%BChne-Dresden-Oktober-2014-Stadtteilhaus-Wanne-Fotos-Marc-Knepper-Knepptec-14.jpg\" alt=\"Otev\u0159en\u00e1 sc\u00e9na Dr\u00e1\u017e\u010fany \u0158\u00edjen 2014 Fotky z Townhouse Tub Marc Knepper Knepptec (14)\" srcset=\"https:\/\/i0.wp.com\/www.offene-buehne-dresden.de\/wp-content\/uploads\/2014\/11\/Offene-B%C3%BChne-Dresden-Oktober-2014-Stadtteilhaus-Wanne-Fotos-Marc-Knepper-Knepptec-14.jpg?w=1200&amp;ssl=1 1200w, https:\/\/i0.wp.com\/www.offene-buehne-dresden.de\/wp-content\/uploads\/2014\/11\/Offene-B%C3%BChne-Dresden-Oktober-2014-Stadtteilhaus-Wanne-Fotos-Marc-Knepper-Knepptec-14.jpg?resize=768%2C512&amp;ssl=1 768w, https:\/\/i0.wp.com\/www.offene-buehne-dresden.de\/wp-content\/uploads\/2014\/11\/Offene-B%C3%BChne-Dresden-Oktober-2014-Stadtteilhaus-Wanne-Fotos-Marc-Knepper-Knepptec-14.jpg?resize=1024%2C683&amp;ssl=1 1024w, https:\/\/i0.wp.com\/www.offene-buehne-dresden.de\/wp-content\/uploads\/2014\/11\/Offene-B%C3%BChne-Dresden-Oktober-2014-Stadtteilhaus-Wanne-Fotos-Marc-Knepper-Knepptec-14.jpg?resize=1064%2C709&amp;ssl=1 1064w, https:\/\/i0.wp.com\/www.offene-buehne-dresden.de\/wp-content\/uploads\/2014\/11\/Offene-B%C3%BChne-Dresden-Oktober-2014-Stadtteilhaus-Wanne-Fotos-Marc-Knepper-Knepptec-14.jpg?resize=716%2C477&amp;ssl=1 716w, https:\/\/i0.wp.com\/www.offene-buehne-dresden.de\/wp-content\/uploads\/2014\/11\/Offene-B%C3%BChne-Dresden-Oktober-2014-Stadtteilhaus-Wanne-Fotos-Marc-Knepper-Knepptec-14.jpg?resize=480%2C320&amp;ssl=1 480w, https:\/\/i0.wp.com\/www.offene-buehne-dresden.de\/wp-content\/uploads\/2014\/11\/Offene-B%C3%BChne-Dresden-Oktober-2014-Stadtteilhaus-Wanne-Fotos-Marc-Knepper-Knepptec-14.jpg?resize=300%2C200&amp;ssl=1 300w, https:\/\/i0.wp.com\/www.offene-buehne-dresden.de\/wp-content\/uploads\/2014\/11\/Offene-B%C3%BChne-Dresden-Oktober-2014-Stadtteilhaus-Wanne-Fotos-Marc-Knepper-Knepptec-14.jpg?resize=600%2C400&amp;ssl=1 600w\" sizes=\"(max-width: 1000px) 100vw, 1000px\"><\/a><\/p><p>&nbsp;<\/p><p><a href=\"https:\/\/soundcloud.com\/sonja-kat\"><strong>Slunce a M\u011bs\u00edc<\/strong><\/a> Prezentovali melancholick\u00e9 p\u00edsn\u011b s kytarov\u00fdm doprovodem.<\/p><p>&nbsp;<\/p><p><a href=\"https:\/\/i0.wp.com\/www.offene-buehne-dresden.de\/wp-content\/uploads\/2014\/11\/Offene-B%C3%BChne-Dresden-Oktober-2014-Stadtteilhaus-Wanne-Fotos-Marc-Knepper-Knepptec-3.jpg\"><img data-recalc-dims=\"1\" decoding=\"async\" data-attachment-id=\"9120\" data-permalink=\"https:\/\/www.offene-buehne-dresden.de\/cs\/offene-buehne-dresden-oktober-2014-stadtteilhaus-wanne-fotos-marc-knepper-knepptec-3\/\" data-orig-file=\"https:\/\/i0.wp.com\/www.offene-buehne-dresden.de\/wp-content\/uploads\/2014\/11\/Offene-B%C3%BChne-Dresden-Oktober-2014-Stadtteilhaus-Wanne-Fotos-Marc-Knepper-Knepptec-3.jpg?fit=1200%2C800&amp;ssl=1\" data-orig-size=\"1200,800\" data-comments-opened=\"1\" data-image-meta='{\"aperture\":\"0\",\"credit\":\"\",\"camera\":\"\",\"caption\":\"\",\"created_timestamp\":\"0\",\"copyright\":\"\",\"focal_length\":\"0\",\"iso\":\"0\",\"shutter_speed\":\"0\",\"title\":\"\",\"orientation\":\"0\"}' data-image-title=\"Offene-B&uuml;hne-Dresden-Oktober-2014-Stadtteilhaus-Wanne-Fotos-Marc-Knepper-Knepptec (3)\" data-image-description=\"\" data-image-caption=\"\" data-large-file=\"https:\/\/i0.wp.com\/www.offene-buehne-dresden.de\/wp-content\/uploads\/2014\/11\/Offene-B%C3%BChne-Dresden-Oktober-2014-Stadtteilhaus-Wanne-Fotos-Marc-Knepper-Knepptec-3.jpg?fit=1024%2C683&amp;ssl=1\" class=\"aligncenter wp-image-9120 size-full\" style=\"box-shadow: 0 8px 6px -6px #000;\" src=\"https:\/\/i0.wp.com\/www.offene-buehne-dresden.de\/wp-content\/uploads\/2014\/11\/Offene-B%C3%BChne-Dresden-Oktober-2014-Stadtteilhaus-Wanne-Fotos-Marc-Knepper-Knepptec-3.jpg\" alt=\"Otev\u0159en\u00e1 sc\u00e9na Dr\u00e1\u017e\u010fany \u0159\u00edjen 2014\" srcset=\"https:\/\/i0.wp.com\/www.offene-buehne-dresden.de\/wp-content\/uploads\/2014\/11\/Offene-B%C3%BChne-Dresden-Oktober-2014-Stadtteilhaus-Wanne-Fotos-Marc-Knepper-Knepptec-3.jpg?w=1200&amp;ssl=1 1200w, https:\/\/i0.wp.com\/www.offene-buehne-dresden.de\/wp-content\/uploads\/2014\/11\/Offene-B%C3%BChne-Dresden-Oktober-2014-Stadtteilhaus-Wanne-Fotos-Marc-Knepper-Knepptec-3.jpg?resize=768%2C512&amp;ssl=1 768w, https:\/\/i0.wp.com\/www.offene-buehne-dresden.de\/wp-content\/uploads\/2014\/11\/Offene-B%C3%BChne-Dresden-Oktober-2014-Stadtteilhaus-Wanne-Fotos-Marc-Knepper-Knepptec-3.jpg?resize=1024%2C683&amp;ssl=1 1024w, https:\/\/i0.wp.com\/www.offene-buehne-dresden.de\/wp-content\/uploads\/2014\/11\/Offene-B%C3%BChne-Dresden-Oktober-2014-Stadtteilhaus-Wanne-Fotos-Marc-Knepper-Knepptec-3.jpg?resize=1064%2C709&amp;ssl=1 1064w, https:\/\/i0.wp.com\/www.offene-buehne-dresden.de\/wp-content\/uploads\/2014\/11\/Offene-B%C3%BChne-Dresden-Oktober-2014-Stadtteilhaus-Wanne-Fotos-Marc-Knepper-Knepptec-3.jpg?resize=716%2C477&amp;ssl=1 716w, https:\/\/i0.wp.com\/www.offene-buehne-dresden.de\/wp-content\/uploads\/2014\/11\/Offene-B%C3%BChne-Dresden-Oktober-2014-Stadtteilhaus-Wanne-Fotos-Marc-Knepper-Knepptec-3.jpg?resize=480%2C320&amp;ssl=1 480w, https:\/\/i0.wp.com\/www.offene-buehne-dresden.de\/wp-content\/uploads\/2014\/11\/Offene-B%C3%BChne-Dresden-Oktober-2014-Stadtteilhaus-Wanne-Fotos-Marc-Knepper-Knepptec-3.jpg?resize=300%2C200&amp;ssl=1 300w, https:\/\/i0.wp.com\/www.offene-buehne-dresden.de\/wp-content\/uploads\/2014\/11\/Offene-B%C3%BChne-Dresden-Oktober-2014-Stadtteilhaus-Wanne-Fotos-Marc-Knepper-Knepptec-3.jpg?resize=600%2C400&amp;ssl=1 600w\" sizes=\"(max-width: 1000px) 100vw, 1000px\"><\/a><\/p><p>&nbsp;<\/p><p><a href=\"https:\/\/herrenlosesbier.wordpress.com\/\"><strong>Nils<\/strong><\/a> Nejen\u017ee moderoval, ale tak\u00e9 recitoval \u2013 b\u00e1se\u0148 z <a href=\"https:\/\/herrenlosesbier.wordpress.com\/2014\/11\/05\/lieber-unschuldschmelzer\/\">Magnety na ledni\u010dku<\/a>.<\/p><p><a href=\"https:\/\/i0.wp.com\/www.offene-buehne-dresden.de\/wp-content\/uploads\/2014\/11\/Offene-B%C3%BChne-Dresden-Oktober-2014-Stadtteilhaus-Wanne-Fotos-Marc-Knepper-Knepptec-18.jpg\"><img data-recalc-dims=\"1\" decoding=\"async\" data-attachment-id=\"9135\" data-permalink=\"https:\/\/www.offene-buehne-dresden.de\/cs\/offene-buehne-dresden-oktober-2014-stadtteilhaus-wanne-fotos-marc-knepper-knepptec-18\/\" data-orig-file=\"https:\/\/i0.wp.com\/www.offene-buehne-dresden.de\/wp-content\/uploads\/2014\/11\/Offene-B%C3%BChne-Dresden-Oktober-2014-Stadtteilhaus-Wanne-Fotos-Marc-Knepper-Knepptec-18.jpg?fit=1200%2C800&amp;ssl=1\" data-orig-size=\"1200,800\" data-comments-opened=\"1\" data-image-meta='{\"aperture\":\"0\",\"credit\":\"\",\"camera\":\"\",\"caption\":\"\",\"created_timestamp\":\"0\",\"copyright\":\"\",\"focal_length\":\"0\",\"iso\":\"0\",\"shutter_speed\":\"0\",\"title\":\"\",\"orientation\":\"0\"}' data-image-title=\"Offene-B&uuml;hne-Dresden-Oktober-2014-Stadtteilhaus-Wanne-Fotos-Marc-Knepper-Knepptec (18)\" data-image-description=\"\" data-image-caption=\"\" data-large-file=\"https:\/\/i0.wp.com\/www.offene-buehne-dresden.de\/wp-content\/uploads\/2014\/11\/Offene-B%C3%BChne-Dresden-Oktober-2014-Stadtteilhaus-Wanne-Fotos-Marc-Knepper-Knepptec-18.jpg?fit=1024%2C683&amp;ssl=1\" class=\"aligncenter wp-image-9135 size-full\" style=\"box-shadow: 0 8px 6px -6px #000;\" src=\"https:\/\/i0.wp.com\/www.offene-buehne-dresden.de\/wp-content\/uploads\/2014\/11\/Offene-B%C3%BChne-Dresden-Oktober-2014-Stadtteilhaus-Wanne-Fotos-Marc-Knepper-Knepptec-18.jpg\" alt=\"Otev\u0159en\u00e1 sc\u00e9na Dr\u00e1\u017e\u010fany-\u0159\u00edjen-2014-Stadtteilhaus-Wanne-Fotos-Marc-Knepper-Knepptec (18)\" srcset=\"https:\/\/i0.wp.com\/www.offene-buehne-dresden.de\/wp-content\/uploads\/2014\/11\/Offene-B%C3%BChne-Dresden-Oktober-2014-Stadtteilhaus-Wanne-Fotos-Marc-Knepper-Knepptec-18.jpg?w=1200&amp;ssl=1 1200w, https:\/\/i0.wp.com\/www.offene-buehne-dresden.de\/wp-content\/uploads\/2014\/11\/Offene-B%C3%BChne-Dresden-Oktober-2014-Stadtteilhaus-Wanne-Fotos-Marc-Knepper-Knepptec-18.jpg?resize=768%2C512&amp;ssl=1 768w, https:\/\/i0.wp.com\/www.offene-buehne-dresden.de\/wp-content\/uploads\/2014\/11\/Offene-B%C3%BChne-Dresden-Oktober-2014-Stadtteilhaus-Wanne-Fotos-Marc-Knepper-Knepptec-18.jpg?resize=1024%2C683&amp;ssl=1 1024w, https:\/\/i0.wp.com\/www.offene-buehne-dresden.de\/wp-content\/uploads\/2014\/11\/Offene-B%C3%BChne-Dresden-Oktober-2014-Stadtteilhaus-Wanne-Fotos-Marc-Knepper-Knepptec-18.jpg?resize=1064%2C709&amp;ssl=1 1064w, https:\/\/i0.wp.com\/www.offene-buehne-dresden.de\/wp-content\/uploads\/2014\/11\/Offene-B%C3%BChne-Dresden-Oktober-2014-Stadtteilhaus-Wanne-Fotos-Marc-Knepper-Knepptec-18.jpg?resize=716%2C477&amp;ssl=1 716w, https:\/\/i0.wp.com\/www.offene-buehne-dresden.de\/wp-content\/uploads\/2014\/11\/Offene-B%C3%BChne-Dresden-Oktober-2014-Stadtteilhaus-Wanne-Fotos-Marc-Knepper-Knepptec-18.jpg?resize=480%2C320&amp;ssl=1 480w, https:\/\/i0.wp.com\/www.offene-buehne-dresden.de\/wp-content\/uploads\/2014\/11\/Offene-B%C3%BChne-Dresden-Oktober-2014-Stadtteilhaus-Wanne-Fotos-Marc-Knepper-Knepptec-18.jpg?resize=300%2C200&amp;ssl=1 300w, https:\/\/i0.wp.com\/www.offene-buehne-dresden.de\/wp-content\/uploads\/2014\/11\/Offene-B%C3%BChne-Dresden-Oktober-2014-Stadtteilhaus-Wanne-Fotos-Marc-Knepper-Knepptec-18.jpg?resize=600%2C400&amp;ssl=1 600w\" sizes=\"(max-width: 1000px) 100vw, 1000px\"><\/a><\/p><p>&nbsp;<\/p><p><a href=\"http:\/\/www.gruselgrotte.de\/\"><strong>Pierre<\/strong><\/a> Z\u00edskal sv\u00e9 dojmy z <a href=\"http:\/\/www.gruselgrotte.de\/kurzer-prosatext-in-dem-etwas-ironisch-satirisch-oder-witzig-kritisiert-wird\/\">proch\u00e1zka<\/a> na n\u00e1dra\u017e\u00ed v Dr\u00e1\u017e\u010fanech a podplatil ironicky such\u00fdmi pozn\u00e1mkami.<\/p><p>&nbsp;<\/p><p><a href=\"https:\/\/i0.wp.com\/www.offene-buehne-dresden.de\/wp-content\/uploads\/2014\/11\/Offene-B%C3%BChne-Dresden-Oktober-2014-Stadtteilhaus-Wanne-Fotos-Marc-Knepper-Knepptec-23.jpg\"><img data-recalc-dims=\"1\" decoding=\"async\" data-attachment-id=\"9140\" data-permalink=\"https:\/\/www.offene-buehne-dresden.de\/cs\/offene-buehne-dresden-oktober-2014-stadtteilhaus-wanne-fotos-marc-knepper-knepptec-23\/\" data-orig-file=\"https:\/\/i0.wp.com\/www.offene-buehne-dresden.de\/wp-content\/uploads\/2014\/11\/Offene-B%C3%BChne-Dresden-Oktober-2014-Stadtteilhaus-Wanne-Fotos-Marc-Knepper-Knepptec-23.jpg?fit=1200%2C800&amp;ssl=1\" data-orig-size=\"1200,800\" data-comments-opened=\"1\" data-image-meta='{\"aperture\":\"0\",\"credit\":\"\",\"camera\":\"\",\"caption\":\"\",\"created_timestamp\":\"0\",\"copyright\":\"\",\"focal_length\":\"0\",\"iso\":\"0\",\"shutter_speed\":\"0\",\"title\":\"\",\"orientation\":\"0\"}' data-image-title=\"Offene-B&uuml;hne-Dresden-Oktober-2014-Stadtteilhaus-Wanne-Fotos-Marc-Knepper-Knepptec (23)\" data-image-description=\"\" data-image-caption=\"\" data-large-file=\"https:\/\/i0.wp.com\/www.offene-buehne-dresden.de\/wp-content\/uploads\/2014\/11\/Offene-B%C3%BChne-Dresden-Oktober-2014-Stadtteilhaus-Wanne-Fotos-Marc-Knepper-Knepptec-23.jpg?fit=1024%2C683&amp;ssl=1\" class=\"aligncenter size-full wp-image-9140\" style=\"box-shadow: 0 8px 6px -6px #000;\" src=\"https:\/\/i0.wp.com\/www.offene-buehne-dresden.de\/wp-content\/uploads\/2014\/11\/Offene-B%C3%BChne-Dresden-Oktober-2014-Stadtteilhaus-Wanne-Fotos-Marc-Knepper-Knepptec-23.jpg\" alt=\"Otev\u0159en\u00e1 sc\u00e9na Dr\u00e1\u017e\u010fany \u0158\u00edjen 2014 Fotky z Townhouse Tub Marc Knepper Knepptec (23)\" srcset=\"https:\/\/i0.wp.com\/www.offene-buehne-dresden.de\/wp-content\/uploads\/2014\/11\/Offene-B%C3%BChne-Dresden-Oktober-2014-Stadtteilhaus-Wanne-Fotos-Marc-Knepper-Knepptec-23.jpg?w=1200&amp;ssl=1 1200w, https:\/\/i0.wp.com\/www.offene-buehne-dresden.de\/wp-content\/uploads\/2014\/11\/Offene-B%C3%BChne-Dresden-Oktober-2014-Stadtteilhaus-Wanne-Fotos-Marc-Knepper-Knepptec-23.jpg?resize=768%2C512&amp;ssl=1 768w, https:\/\/i0.wp.com\/www.offene-buehne-dresden.de\/wp-content\/uploads\/2014\/11\/Offene-B%C3%BChne-Dresden-Oktober-2014-Stadtteilhaus-Wanne-Fotos-Marc-Knepper-Knepptec-23.jpg?resize=1024%2C683&amp;ssl=1 1024w, https:\/\/i0.wp.com\/www.offene-buehne-dresden.de\/wp-content\/uploads\/2014\/11\/Offene-B%C3%BChne-Dresden-Oktober-2014-Stadtteilhaus-Wanne-Fotos-Marc-Knepper-Knepptec-23.jpg?resize=1064%2C709&amp;ssl=1 1064w, https:\/\/i0.wp.com\/www.offene-buehne-dresden.de\/wp-content\/uploads\/2014\/11\/Offene-B%C3%BChne-Dresden-Oktober-2014-Stadtteilhaus-Wanne-Fotos-Marc-Knepper-Knepptec-23.jpg?resize=716%2C477&amp;ssl=1 716w, https:\/\/i0.wp.com\/www.offene-buehne-dresden.de\/wp-content\/uploads\/2014\/11\/Offene-B%C3%BChne-Dresden-Oktober-2014-Stadtteilhaus-Wanne-Fotos-Marc-Knepper-Knepptec-23.jpg?resize=480%2C320&amp;ssl=1 480w, https:\/\/i0.wp.com\/www.offene-buehne-dresden.de\/wp-content\/uploads\/2014\/11\/Offene-B%C3%BChne-Dresden-Oktober-2014-Stadtteilhaus-Wanne-Fotos-Marc-Knepper-Knepptec-23.jpg?resize=300%2C200&amp;ssl=1 300w, https:\/\/i0.wp.com\/www.offene-buehne-dresden.de\/wp-content\/uploads\/2014\/11\/Offene-B%C3%BChne-Dresden-Oktober-2014-Stadtteilhaus-Wanne-Fotos-Marc-Knepper-Knepptec-23.jpg?resize=600%2C400&amp;ssl=1 600w\" sizes=\"(max-width: 1000px) 100vw, 1000px\"><\/a><\/p><p>&nbsp;<\/p><p><strong>Maxi<\/strong> op\u011bt n\u00e1m poslou\u017eily \u201esamoz\u0159ejm\u00e9\u201c p\u00edsn\u011b s \u017eelezni\u010dn\u00edm n\u00e1dechem. To je fakt hust\u00fd!<\/p><p>&nbsp;<\/p><p><a href=\"https:\/\/i0.wp.com\/www.offene-buehne-dresden.de\/wp-content\/uploads\/2014\/11\/Offene-B%C3%BChne-Dresden-Oktober-2014-Stadtteilhaus-Wanne-Fotos-Marc-Knepper-Knepptec-31.jpg\"><img data-recalc-dims=\"1\" decoding=\"async\" data-attachment-id=\"9148\" data-permalink=\"https:\/\/www.offene-buehne-dresden.de\/cs\/offene-buehne-dresden-oktober-2014-stadtteilhaus-wanne-fotos-marc-knepper-knepptec-31\/\" data-orig-file=\"https:\/\/i0.wp.com\/www.offene-buehne-dresden.de\/wp-content\/uploads\/2014\/11\/Offene-B%C3%BChne-Dresden-Oktober-2014-Stadtteilhaus-Wanne-Fotos-Marc-Knepper-Knepptec-31.jpg?fit=1200%2C800&amp;ssl=1\" data-orig-size=\"1200,800\" data-comments-opened=\"1\" data-image-meta='{\"aperture\":\"0\",\"credit\":\"\",\"camera\":\"\",\"caption\":\"\",\"created_timestamp\":\"0\",\"copyright\":\"\",\"focal_length\":\"0\",\"iso\":\"0\",\"shutter_speed\":\"0\",\"title\":\"\",\"orientation\":\"0\"}' data-image-title=\"Offene-B&uuml;hne-Dresden-Oktober-2014-Stadtteilhaus-Wanne-Fotos-Marc-Knepper-Knepptec (31)\" data-image-description=\"\" data-image-caption=\"\" data-large-file=\"https:\/\/i0.wp.com\/www.offene-buehne-dresden.de\/wp-content\/uploads\/2014\/11\/Offene-B%C3%BChne-Dresden-Oktober-2014-Stadtteilhaus-Wanne-Fotos-Marc-Knepper-Knepptec-31.jpg?fit=1024%2C683&amp;ssl=1\" class=\"aligncenter wp-image-9148 size-full\" style=\"box-shadow: 0 8px 6px -6px #000;\" src=\"https:\/\/i0.wp.com\/www.offene-buehne-dresden.de\/wp-content\/uploads\/2014\/11\/Offene-B%C3%BChne-Dresden-Oktober-2014-Stadtteilhaus-Wanne-Fotos-Marc-Knepper-Knepptec-31.jpg\" alt=\"Otev\u0159en\u00e1 sc\u00e9na Dr\u00e1\u017e\u010fany \u0158\u00edjen 2014 Fotky z Townhouse Tub Marc Knepper Knepptec (31)\" srcset=\"https:\/\/i0.wp.com\/www.offene-buehne-dresden.de\/wp-content\/uploads\/2014\/11\/Offene-B%C3%BChne-Dresden-Oktober-2014-Stadtteilhaus-Wanne-Fotos-Marc-Knepper-Knepptec-31.jpg?w=1200&amp;ssl=1 1200w, https:\/\/i0.wp.com\/www.offene-buehne-dresden.de\/wp-content\/uploads\/2014\/11\/Offene-B%C3%BChne-Dresden-Oktober-2014-Stadtteilhaus-Wanne-Fotos-Marc-Knepper-Knepptec-31.jpg?resize=768%2C512&amp;ssl=1 768w, https:\/\/i0.wp.com\/www.offene-buehne-dresden.de\/wp-content\/uploads\/2014\/11\/Offene-B%C3%BChne-Dresden-Oktober-2014-Stadtteilhaus-Wanne-Fotos-Marc-Knepper-Knepptec-31.jpg?resize=1024%2C683&amp;ssl=1 1024w, https:\/\/i0.wp.com\/www.offene-buehne-dresden.de\/wp-content\/uploads\/2014\/11\/Offene-B%C3%BChne-Dresden-Oktober-2014-Stadtteilhaus-Wanne-Fotos-Marc-Knepper-Knepptec-31.jpg?resize=1064%2C709&amp;ssl=1 1064w, https:\/\/i0.wp.com\/www.offene-buehne-dresden.de\/wp-content\/uploads\/2014\/11\/Offene-B%C3%BChne-Dresden-Oktober-2014-Stadtteilhaus-Wanne-Fotos-Marc-Knepper-Knepptec-31.jpg?resize=716%2C477&amp;ssl=1 716w, https:\/\/i0.wp.com\/www.offene-buehne-dresden.de\/wp-content\/uploads\/2014\/11\/Offene-B%C3%BChne-Dresden-Oktober-2014-Stadtteilhaus-Wanne-Fotos-Marc-Knepper-Knepptec-31.jpg?resize=480%2C320&amp;ssl=1 480w, https:\/\/i0.wp.com\/www.offene-buehne-dresden.de\/wp-content\/uploads\/2014\/11\/Offene-B%C3%BChne-Dresden-Oktober-2014-Stadtteilhaus-Wanne-Fotos-Marc-Knepper-Knepptec-31.jpg?resize=300%2C200&amp;ssl=1 300w, https:\/\/i0.wp.com\/www.offene-buehne-dresden.de\/wp-content\/uploads\/2014\/11\/Offene-B%C3%BChne-Dresden-Oktober-2014-Stadtteilhaus-Wanne-Fotos-Marc-Knepper-Knepptec-31.jpg?resize=600%2C400&amp;ssl=1 600w\" sizes=\"(max-width: 1000px) 100vw, 1000px\"><\/a><\/p><p>&nbsp;<\/p><p><a href=\"http:\/\/dunkelblaubisgolden.de\/\"><strong>Doreen<\/strong><\/a> Napsala dv\u011b b\u00e1sn\u011b a zaujala m\u011b sv\u00fdm siln\u00fdm hlasem.<\/p><p>&nbsp;<\/p><p><a href=\"https:\/\/i0.wp.com\/www.offene-buehne-dresden.de\/wp-content\/uploads\/2014\/11\/Offene-B%C3%BChne-Dresden-Oktober-2014-Stadtteilhaus-Wanne-Fotos-Marc-Knepper-Knepptec-33.jpg\"><img data-recalc-dims=\"1\" decoding=\"async\" data-attachment-id=\"9150\" data-permalink=\"https:\/\/www.offene-buehne-dresden.de\/cs\/offene-buehne-dresden-oktober-2014-stadtteilhaus-wanne-fotos-marc-knepper-knepptec-33\/\" data-orig-file=\"https:\/\/i0.wp.com\/www.offene-buehne-dresden.de\/wp-content\/uploads\/2014\/11\/Offene-B%C3%BChne-Dresden-Oktober-2014-Stadtteilhaus-Wanne-Fotos-Marc-Knepper-Knepptec-33.jpg?fit=1200%2C800&amp;ssl=1\" data-orig-size=\"1200,800\" data-comments-opened=\"1\" data-image-meta='{\"aperture\":\"0\",\"credit\":\"\",\"camera\":\"\",\"caption\":\"\",\"created_timestamp\":\"0\",\"copyright\":\"\",\"focal_length\":\"0\",\"iso\":\"0\",\"shutter_speed\":\"0\",\"title\":\"\",\"orientation\":\"0\"}' data-image-title=\"Offene-B&uuml;hne-Dresden-Oktober-2014-Stadtteilhaus-Wanne-Fotos-Marc-Knepper-Knepptec (33)\" data-image-description=\"\" data-image-caption=\"\" data-large-file=\"https:\/\/i0.wp.com\/www.offene-buehne-dresden.de\/wp-content\/uploads\/2014\/11\/Offene-B%C3%BChne-Dresden-Oktober-2014-Stadtteilhaus-Wanne-Fotos-Marc-Knepper-Knepptec-33.jpg?fit=1024%2C683&amp;ssl=1\" class=\"aligncenter size-full wp-image-9150\" style=\"box-shadow: 0 8px 6px -6px #000;\" src=\"https:\/\/i0.wp.com\/www.offene-buehne-dresden.de\/wp-content\/uploads\/2014\/11\/Offene-B%C3%BChne-Dresden-Oktober-2014-Stadtteilhaus-Wanne-Fotos-Marc-Knepper-Knepptec-33.jpg\" alt=\"Otev\u0159en\u00e1 sc\u00e9na Dr\u00e1\u017e\u010fany \u0158\u00edjen 2014 Fotky z Townhouse Tub Marc Knepper Knepptec (33)\" srcset=\"https:\/\/i0.wp.com\/www.offene-buehne-dresden.de\/wp-content\/uploads\/2014\/11\/Offene-B%C3%BChne-Dresden-Oktober-2014-Stadtteilhaus-Wanne-Fotos-Marc-Knepper-Knepptec-33.jpg?w=1200&amp;ssl=1 1200w, https:\/\/i0.wp.com\/www.offene-buehne-dresden.de\/wp-content\/uploads\/2014\/11\/Offene-B%C3%BChne-Dresden-Oktober-2014-Stadtteilhaus-Wanne-Fotos-Marc-Knepper-Knepptec-33.jpg?resize=768%2C512&amp;ssl=1 768w, https:\/\/i0.wp.com\/www.offene-buehne-dresden.de\/wp-content\/uploads\/2014\/11\/Offene-B%C3%BChne-Dresden-Oktober-2014-Stadtteilhaus-Wanne-Fotos-Marc-Knepper-Knepptec-33.jpg?resize=1024%2C683&amp;ssl=1 1024w, https:\/\/i0.wp.com\/www.offene-buehne-dresden.de\/wp-content\/uploads\/2014\/11\/Offene-B%C3%BChne-Dresden-Oktober-2014-Stadtteilhaus-Wanne-Fotos-Marc-Knepper-Knepptec-33.jpg?resize=1064%2C709&amp;ssl=1 1064w, https:\/\/i0.wp.com\/www.offene-buehne-dresden.de\/wp-content\/uploads\/2014\/11\/Offene-B%C3%BChne-Dresden-Oktober-2014-Stadtteilhaus-Wanne-Fotos-Marc-Knepper-Knepptec-33.jpg?resize=716%2C477&amp;ssl=1 716w, https:\/\/i0.wp.com\/www.offene-buehne-dresden.de\/wp-content\/uploads\/2014\/11\/Offene-B%C3%BChne-Dresden-Oktober-2014-Stadtteilhaus-Wanne-Fotos-Marc-Knepper-Knepptec-33.jpg?resize=480%2C320&amp;ssl=1 480w, https:\/\/i0.wp.com\/www.offene-buehne-dresden.de\/wp-content\/uploads\/2014\/11\/Offene-B%C3%BChne-Dresden-Oktober-2014-Stadtteilhaus-Wanne-Fotos-Marc-Knepper-Knepptec-33.jpg?resize=300%2C200&amp;ssl=1 300w, https:\/\/i0.wp.com\/www.offene-buehne-dresden.de\/wp-content\/uploads\/2014\/11\/Offene-B%C3%BChne-Dresden-Oktober-2014-Stadtteilhaus-Wanne-Fotos-Marc-Knepper-Knepptec-33.jpg?resize=600%2C400&amp;ssl=1 600w\" sizes=\"(max-width: 1000px) 100vw, 1000px\"><\/a><\/p><p>&nbsp;<\/p><p><strong>Friedemann<\/strong> Tentokr\u00e1t p\u0159i\u0161el s\u00e1m a p\u0159inesl n\u00e1m puzzle hudbu. N\u011bkdy docela z\u00e1ludn\u00e9!<\/p><p>&nbsp;<\/p><p><a href=\"https:\/\/i0.wp.com\/www.offene-buehne-dresden.de\/wp-content\/uploads\/2014\/11\/Offene-B%C3%BChne-Dresden-Oktober-2014-Stadtteilhaus-Wanne-Fotos-Marc-Knepper-Knepptec-35.jpg\"><img data-recalc-dims=\"1\" decoding=\"async\" data-attachment-id=\"9152\" data-permalink=\"https:\/\/www.offene-buehne-dresden.de\/cs\/offene-buehne-dresden-oktober-2014-stadtteilhaus-wanne-fotos-marc-knepper-knepptec-35\/\" data-orig-file=\"https:\/\/i0.wp.com\/www.offene-buehne-dresden.de\/wp-content\/uploads\/2014\/11\/Offene-B%C3%BChne-Dresden-Oktober-2014-Stadtteilhaus-Wanne-Fotos-Marc-Knepper-Knepptec-35.jpg?fit=1200%2C800&amp;ssl=1\" data-orig-size=\"1200,800\" data-comments-opened=\"1\" data-image-meta='{\"aperture\":\"0\",\"credit\":\"\",\"camera\":\"\",\"caption\":\"\",\"created_timestamp\":\"0\",\"copyright\":\"\",\"focal_length\":\"0\",\"iso\":\"0\",\"shutter_speed\":\"0\",\"title\":\"\",\"orientation\":\"0\"}' data-image-title=\"Offene-B&uuml;hne-Dresden-Oktober-2014-Stadtteilhaus-Wanne-Fotos-Marc-Knepper-Knepptec (35)\" data-image-description=\"\" data-image-caption=\"\" data-large-file=\"https:\/\/i0.wp.com\/www.offene-buehne-dresden.de\/wp-content\/uploads\/2014\/11\/Offene-B%C3%BChne-Dresden-Oktober-2014-Stadtteilhaus-Wanne-Fotos-Marc-Knepper-Knepptec-35.jpg?fit=1024%2C683&amp;ssl=1\" class=\"aligncenter size-full wp-image-9152\" style=\"box-shadow: 0 8px 6px -6px #000;\" src=\"https:\/\/i0.wp.com\/www.offene-buehne-dresden.de\/wp-content\/uploads\/2014\/11\/Offene-B%C3%BChne-Dresden-Oktober-2014-Stadtteilhaus-Wanne-Fotos-Marc-Knepper-Knepptec-35.jpg\" alt=\"Otev\u0159en\u00e1 sc\u00e9na Dr\u00e1\u017e\u010fany \u0158\u00edjen 2014 Fotky z Townhouse Tub Marc Knepper Knepptec (35)\" srcset=\"https:\/\/i0.wp.com\/www.offene-buehne-dresden.de\/wp-content\/uploads\/2014\/11\/Offene-B%C3%BChne-Dresden-Oktober-2014-Stadtteilhaus-Wanne-Fotos-Marc-Knepper-Knepptec-35.jpg?w=1200&amp;ssl=1 1200w, https:\/\/i0.wp.com\/www.offene-buehne-dresden.de\/wp-content\/uploads\/2014\/11\/Offene-B%C3%BChne-Dresden-Oktober-2014-Stadtteilhaus-Wanne-Fotos-Marc-Knepper-Knepptec-35.jpg?resize=768%2C512&amp;ssl=1 768w, https:\/\/i0.wp.com\/www.offene-buehne-dresden.de\/wp-content\/uploads\/2014\/11\/Offene-B%C3%BChne-Dresden-Oktober-2014-Stadtteilhaus-Wanne-Fotos-Marc-Knepper-Knepptec-35.jpg?resize=1024%2C683&amp;ssl=1 1024w, https:\/\/i0.wp.com\/www.offene-buehne-dresden.de\/wp-content\/uploads\/2014\/11\/Offene-B%C3%BChne-Dresden-Oktober-2014-Stadtteilhaus-Wanne-Fotos-Marc-Knepper-Knepptec-35.jpg?resize=1064%2C709&amp;ssl=1 1064w, https:\/\/i0.wp.com\/www.offene-buehne-dresden.de\/wp-content\/uploads\/2014\/11\/Offene-B%C3%BChne-Dresden-Oktober-2014-Stadtteilhaus-Wanne-Fotos-Marc-Knepper-Knepptec-35.jpg?resize=716%2C477&amp;ssl=1 716w, https:\/\/i0.wp.com\/www.offene-buehne-dresden.de\/wp-content\/uploads\/2014\/11\/Offene-B%C3%BChne-Dresden-Oktober-2014-Stadtteilhaus-Wanne-Fotos-Marc-Knepper-Knepptec-35.jpg?resize=480%2C320&amp;ssl=1 480w, https:\/\/i0.wp.com\/www.offene-buehne-dresden.de\/wp-content\/uploads\/2014\/11\/Offene-B%C3%BChne-Dresden-Oktober-2014-Stadtteilhaus-Wanne-Fotos-Marc-Knepper-Knepptec-35.jpg?resize=300%2C200&amp;ssl=1 300w, https:\/\/i0.wp.com\/www.offene-buehne-dresden.de\/wp-content\/uploads\/2014\/11\/Offene-B%C3%BChne-Dresden-Oktober-2014-Stadtteilhaus-Wanne-Fotos-Marc-Knepper-Knepptec-35.jpg?resize=600%2C400&amp;ssl=1 600w\" sizes=\"(max-width: 1000px) 100vw, 1000px\"><\/a><\/p><p><strong>Robby<\/strong> Po dlouh\u00e9 dob\u011b byl op\u011bt hostem a \u010detl spole\u010densky kritick\u00e9 texty.<\/p><p>&nbsp;<\/p><p><a href=\"https:\/\/i0.wp.com\/www.offene-buehne-dresden.de\/wp-content\/uploads\/2014\/11\/Offene-B%C3%BChne-Dresden-Oktober-2014-Stadtteilhaus-Wanne-Fotos-Marc-Knepper-Knepptec-38.jpg\"><img data-recalc-dims=\"1\" decoding=\"async\" data-attachment-id=\"9155\" data-permalink=\"https:\/\/www.offene-buehne-dresden.de\/cs\/offene-buehne-dresden-oktober-2014-stadtteilhaus-wanne-fotos-marc-knepper-knepptec-38\/\" data-orig-file=\"https:\/\/i0.wp.com\/www.offene-buehne-dresden.de\/wp-content\/uploads\/2014\/11\/Offene-B%C3%BChne-Dresden-Oktober-2014-Stadtteilhaus-Wanne-Fotos-Marc-Knepper-Knepptec-38.jpg?fit=1200%2C800&amp;ssl=1\" data-orig-size=\"1200,800\" data-comments-opened=\"1\" data-image-meta='{\"aperture\":\"0\",\"credit\":\"\",\"camera\":\"\",\"caption\":\"\",\"created_timestamp\":\"0\",\"copyright\":\"\",\"focal_length\":\"0\",\"iso\":\"0\",\"shutter_speed\":\"0\",\"title\":\"\",\"orientation\":\"0\"}' data-image-title=\"Offene-B&uuml;hne-Dresden-Oktober-2014-Stadtteilhaus-Wanne-Fotos-Marc-Knepper-Knepptec (38)\" data-image-description=\"\" data-image-caption=\"\" data-large-file=\"https:\/\/i0.wp.com\/www.offene-buehne-dresden.de\/wp-content\/uploads\/2014\/11\/Offene-B%C3%BChne-Dresden-Oktober-2014-Stadtteilhaus-Wanne-Fotos-Marc-Knepper-Knepptec-38.jpg?fit=1024%2C683&amp;ssl=1\" class=\"aligncenter size-full wp-image-9155\" style=\"box-shadow: 0 8px 6px -6px #000;\" src=\"https:\/\/i0.wp.com\/www.offene-buehne-dresden.de\/wp-content\/uploads\/2014\/11\/Offene-B%C3%BChne-Dresden-Oktober-2014-Stadtteilhaus-Wanne-Fotos-Marc-Knepper-Knepptec-38.jpg\" alt=\"Otev\u0159en\u00e1 sc\u00e9na Dr\u00e1\u017e\u010fany \u0158\u00edjen 2014 Fotky z Townhouse Tub Marc Knepper Knepptec (38)\" srcset=\"https:\/\/i0.wp.com\/www.offene-buehne-dresden.de\/wp-content\/uploads\/2014\/11\/Offene-B%C3%BChne-Dresden-Oktober-2014-Stadtteilhaus-Wanne-Fotos-Marc-Knepper-Knepptec-38.jpg?w=1200&amp;ssl=1 1200w, https:\/\/i0.wp.com\/www.offene-buehne-dresden.de\/wp-content\/uploads\/2014\/11\/Offene-B%C3%BChne-Dresden-Oktober-2014-Stadtteilhaus-Wanne-Fotos-Marc-Knepper-Knepptec-38.jpg?resize=768%2C512&amp;ssl=1 768w, https:\/\/i0.wp.com\/www.offene-buehne-dresden.de\/wp-content\/uploads\/2014\/11\/Offene-B%C3%BChne-Dresden-Oktober-2014-Stadtteilhaus-Wanne-Fotos-Marc-Knepper-Knepptec-38.jpg?resize=1024%2C683&amp;ssl=1 1024w, https:\/\/i0.wp.com\/www.offene-buehne-dresden.de\/wp-content\/uploads\/2014\/11\/Offene-B%C3%BChne-Dresden-Oktober-2014-Stadtteilhaus-Wanne-Fotos-Marc-Knepper-Knepptec-38.jpg?resize=1064%2C709&amp;ssl=1 1064w, https:\/\/i0.wp.com\/www.offene-buehne-dresden.de\/wp-content\/uploads\/2014\/11\/Offene-B%C3%BChne-Dresden-Oktober-2014-Stadtteilhaus-Wanne-Fotos-Marc-Knepper-Knepptec-38.jpg?resize=716%2C477&amp;ssl=1 716w, https:\/\/i0.wp.com\/www.offene-buehne-dresden.de\/wp-content\/uploads\/2014\/11\/Offene-B%C3%BChne-Dresden-Oktober-2014-Stadtteilhaus-Wanne-Fotos-Marc-Knepper-Knepptec-38.jpg?resize=480%2C320&amp;ssl=1 480w, https:\/\/i0.wp.com\/www.offene-buehne-dresden.de\/wp-content\/uploads\/2014\/11\/Offene-B%C3%BChne-Dresden-Oktober-2014-Stadtteilhaus-Wanne-Fotos-Marc-Knepper-Knepptec-38.jpg?resize=300%2C200&amp;ssl=1 300w, https:\/\/i0.wp.com\/www.offene-buehne-dresden.de\/wp-content\/uploads\/2014\/11\/Offene-B%C3%BChne-Dresden-Oktober-2014-Stadtteilhaus-Wanne-Fotos-Marc-Knepper-Knepptec-38.jpg?resize=600%2C400&amp;ssl=1 600w\" sizes=\"(max-width: 1000px) 100vw, 1000px\"><\/a><\/p><p>S <strong>Dennis Woodcock<\/strong> Nav\u0161t\u00edvil n\u00e1s pouli\u010dn\u00ed muzikant z Lond\u00fdna. Hr\u00e1l popov\u00e9 p\u00edsn\u011b na kytaru.<\/p><p>&nbsp;<\/p><p><a href=\"https:\/\/i0.wp.com\/www.offene-buehne-dresden.de\/wp-content\/uploads\/2014\/11\/Offene-B%C3%BChne-Dresden-Oktober-2014-Stadtteilhaus-Wanne-Fotos-Marc-Knepper-Knepptec-40.jpg\"><img data-recalc-dims=\"1\" decoding=\"async\" data-attachment-id=\"9157\" data-permalink=\"https:\/\/www.offene-buehne-dresden.de\/cs\/offene-buehne-dresden-oktober-2014-stadtteilhaus-wanne-fotos-marc-knepper-knepptec-40\/\" data-orig-file=\"https:\/\/i0.wp.com\/www.offene-buehne-dresden.de\/wp-content\/uploads\/2014\/11\/Offene-B%C3%BChne-Dresden-Oktober-2014-Stadtteilhaus-Wanne-Fotos-Marc-Knepper-Knepptec-40.jpg?fit=1200%2C800&amp;ssl=1\" data-orig-size=\"1200,800\" data-comments-opened=\"1\" data-image-meta='{\"aperture\":\"0\",\"credit\":\"\",\"camera\":\"\",\"caption\":\"\",\"created_timestamp\":\"0\",\"copyright\":\"\",\"focal_length\":\"0\",\"iso\":\"0\",\"shutter_speed\":\"0\",\"title\":\"\",\"orientation\":\"0\"}' data-image-title=\"Offene-B&uuml;hne-Dresden-Oktober-2014-Stadtteilhaus-Wanne-Fotos-Marc-Knepper-Knepptec (40)\" data-image-description=\"\" data-image-caption=\"\" data-large-file=\"https:\/\/i0.wp.com\/www.offene-buehne-dresden.de\/wp-content\/uploads\/2014\/11\/Offene-B%C3%BChne-Dresden-Oktober-2014-Stadtteilhaus-Wanne-Fotos-Marc-Knepper-Knepptec-40.jpg?fit=1024%2C683&amp;ssl=1\" class=\"aligncenter size-full wp-image-9157\" style=\"box-shadow: 0 8px 6px -6px #000;\" src=\"https:\/\/i0.wp.com\/www.offene-buehne-dresden.de\/wp-content\/uploads\/2014\/11\/Offene-B%C3%BChne-Dresden-Oktober-2014-Stadtteilhaus-Wanne-Fotos-Marc-Knepper-Knepptec-40.jpg\" alt=\"Otev\u0159en\u00e1 sc\u00e9na Dr\u00e1\u017e\u010fany \u0158\u00edjen 2014 Fotky z Townhouse Tub Marc Knepper Knepptec (40)\" srcset=\"https:\/\/i0.wp.com\/www.offene-buehne-dresden.de\/wp-content\/uploads\/2014\/11\/Offene-B%C3%BChne-Dresden-Oktober-2014-Stadtteilhaus-Wanne-Fotos-Marc-Knepper-Knepptec-40.jpg?w=1200&amp;ssl=1 1200w, https:\/\/i0.wp.com\/www.offene-buehne-dresden.de\/wp-content\/uploads\/2014\/11\/Offene-B%C3%BChne-Dresden-Oktober-2014-Stadtteilhaus-Wanne-Fotos-Marc-Knepper-Knepptec-40.jpg?resize=768%2C512&amp;ssl=1 768w, https:\/\/i0.wp.com\/www.offene-buehne-dresden.de\/wp-content\/uploads\/2014\/11\/Offene-B%C3%BChne-Dresden-Oktober-2014-Stadtteilhaus-Wanne-Fotos-Marc-Knepper-Knepptec-40.jpg?resize=1024%2C683&amp;ssl=1 1024w, https:\/\/i0.wp.com\/www.offene-buehne-dresden.de\/wp-content\/uploads\/2014\/11\/Offene-B%C3%BChne-Dresden-Oktober-2014-Stadtteilhaus-Wanne-Fotos-Marc-Knepper-Knepptec-40.jpg?resize=1064%2C709&amp;ssl=1 1064w, https:\/\/i0.wp.com\/www.offene-buehne-dresden.de\/wp-content\/uploads\/2014\/11\/Offene-B%C3%BChne-Dresden-Oktober-2014-Stadtteilhaus-Wanne-Fotos-Marc-Knepper-Knepptec-40.jpg?resize=716%2C477&amp;ssl=1 716w, https:\/\/i0.wp.com\/www.offene-buehne-dresden.de\/wp-content\/uploads\/2014\/11\/Offene-B%C3%BChne-Dresden-Oktober-2014-Stadtteilhaus-Wanne-Fotos-Marc-Knepper-Knepptec-40.jpg?resize=480%2C320&amp;ssl=1 480w, https:\/\/i0.wp.com\/www.offene-buehne-dresden.de\/wp-content\/uploads\/2014\/11\/Offene-B%C3%BChne-Dresden-Oktober-2014-Stadtteilhaus-Wanne-Fotos-Marc-Knepper-Knepptec-40.jpg?resize=300%2C200&amp;ssl=1 300w, https:\/\/i0.wp.com\/www.offene-buehne-dresden.de\/wp-content\/uploads\/2014\/11\/Offene-B%C3%BChne-Dresden-Oktober-2014-Stadtteilhaus-Wanne-Fotos-Marc-Knepper-Knepptec-40.jpg?resize=600%2C400&amp;ssl=1 600w\" sizes=\"(max-width: 1000px) 100vw, 1000px\"><\/a><\/p><p>&nbsp;<\/p><p><span class=\"fsl\"><strong>Michael Hagmaier<\/strong> Objevil se v n\u011bkolika b\u00e1snick\u00fdch slamech. Dal n\u00e1m surrealistick\u00fd text o zmrzlin\u011b.<br>\n<\/span><\/p><p>&nbsp;<\/p><p>&nbsp;<\/p><p>Krom\u011b toho jsme m\u011bli <strong>Kategorie: Spont\u00e1nn\u00ed hudebn\u00edci<\/strong>, Hr\u00e1l milostnou p\u00edse\u0148.<\/p><p><em>S n\u011bkolika p\u00edsn\u011bmi Wildera Mohna tento velmi r\u016fznorod\u00fd ve\u010der skon\u010dil. Vid\u011bli jsme mnoho kr\u00e1tk\u00fdch p\u0159\u00edsp\u011bvk\u016f, sm\u00e1li jsme se, plakali a houpali se a nakonec byli v\u0161ichni velmi osv\u011b\u017een\u00ed. D\u011bkujeme v\u0161em um\u011blc\u016fm a velk\u00e9mu publiku!<\/em><\/p><\/p>","protected":false},"excerpt":{"rendered":"<p>Der Herbst ist in voller Bl&uuml;te &ndash; und genauso bl&uuml;hend vor Inspiration und guten Beitr&auml;gen war die Offene B&uuml;hne im&hellip;<\/p>","protected":false},"author":10,"featured_media":9165,"comment_status":"closed","ping_status":"closed","sticky":false,"template":"","format":"standard","meta":{"ngg_post_thumbnail":0,"_jetpack_memberships_contains_paid_content":false,"wds_primary_category":0,"footnotes":""},"categories":[69],"tags":[],"class_list":["post-9287","post","type-post","status-publish","format-standard","has-post-thumbnail","hentry","category-oktober-2014","wpcat-69-id"],"jetpack_featured_media_url":"https:\/\/i0.wp.com\/www.offene-buehne-dresden.de\/wp-content\/uploads\/2014\/11\/Offene-B%C3%BChne-Dresden-Oktober-2014-Stadtteilhaus-Wanne-Fotos-Marc-Knepper-Knepptec-48.jpg?fit=1200%2C800&ssl=1","jetpack_sharing_enabled":true,"_links":{"self":[{"href":"https:\/\/www.offene-buehne-dresden.de\/cs\/wp-json\/wp\/v2\/posts\/9287","targetHints":{"allow":["GET"]}}],"collection":[{"href":"https:\/\/www.offene-buehne-dresden.de\/cs\/wp-json\/wp\/v2\/posts"}],"about":[{"href":"https:\/\/www.offene-buehne-dresden.de\/cs\/wp-json\/wp\/v2\/types\/post"}],"author":[{"embeddable":true,"href":"https:\/\/www.offene-buehne-dresden.de\/cs\/wp-json\/wp\/v2\/users\/10"}],"replies":[{"embeddable":true,"href":"https:\/\/www.offene-buehne-dresden.de\/cs\/wp-json\/wp\/v2\/comments?post=9287"}],"version-history":[{"count":10,"href":"https:\/\/www.offene-buehne-dresden.de\/cs\/wp-json\/wp\/v2\/posts\/9287\/revisions"}],"predecessor-version":[{"id":9364,"href":"https:\/\/www.offene-buehne-dresden.de\/cs\/wp-json\/wp\/v2\/posts\/9287\/revisions\/9364"}],"wp:featuredmedia":[{"embeddable":true,"href":"https:\/\/www.offene-buehne-dresden.de\/cs\/wp-json\/wp\/v2\/media\/9165"}],"wp:attachment":[{"href":"https:\/\/www.offene-buehne-dresden.de\/cs\/wp-json\/wp\/v2\/media?parent=9287"}],"wp:term":[{"taxonomy":"category","embeddable":true,"href":"https:\/\/www.offene-buehne-dresden.de\/cs\/wp-json\/wp\/v2\/categories?post=9287"},{"taxonomy":"post_tag","embeddable":true,"href":"https:\/\/www.offene-buehne-dresden.de\/cs\/wp-json\/wp\/v2\/tags?post=9287"}],"curies":[{"name":"wp","href":"https:\/\/api.w.org\/{rel}","templated":true}]}}