{"id":927,"date":"2011-10-26T12:17:24","date_gmt":"2011-10-26T10:17:24","guid":{"rendered":"http:\/\/www.offene-buehne-dresden.de\/?p=927"},"modified":"2019-08-17T19:09:19","modified_gmt":"2019-08-17T18:09:19","slug":"sonntag-offene-oktober-buhne","status":"publish","type":"post","link":"https:\/\/www.offene-buehne-dresden.de\/cs\/sonntag-offene-oktober-buhne\/","title":{"rendered":"<p>Ned\u011ble Otev\u0159eno \u0158\u00edjen stage<\/p>"},"content":{"rendered":"<p>V\u00e1\u017een\u00ed p\u0159\u00e1tel\u00e9 otev\u0159en\u00e9 kultury, <p>Open Stage se tento t\u00fdden vrac\u00ed do obvykl\u00e9ho rytmu posledn\u00ed ned\u011ble v m\u011bs\u00edci, a proto doslova p\u0159ejde p\u00f3dium znovu v Modr\u00e9 tov\u00e1rn\u011b.<br>\nModerov\u00e1n\u00ed bude tentokr\u00e1t v\u00fdjime\u010dn\u00e9: Thomas Lautenknecht a \u201eder Weber\u201c budou zn\u00e1m\u00ed pro v\u0161echny druhy z\u00e1bavn\u00fdch hudebn\u00edch projekt\u016f, tentokr\u00e1t povedou ve\u010der a p\u0159edstav\u00ed nejm\u00e9n\u011b dvan\u00e1ct hudebn\u00edk\u016f, projekt\u016f a spisovatel\u016f, kte\u0159\u00ed se ji\u017e ohl\u00e1sili.<br>\n(Bohu\u017eel, rezervace ji\u017e nejsou mo\u017en\u00e9, pokud jsou st\u00e1le mo\u017enosti k pobytu, ve\u010der se uk\u00e1\u017ee)     <\/p><p>Bavte se s dal\u0161\u00edm pestr\u00fdm a nabit\u00fdm ve\u010derem<\/p><p>Stephen Blaubach a otev\u0159en\u00e1 sc\u00e9na<\/p><\/p>","protected":false},"excerpt":{"rendered":"<p>Hallo Freunde der Offenen Kultur, die Offene B&uuml;hne kehrt diese Woche wieder in den gewohnten monatsletzten Sonntag Rhythmus zur&uuml;ck und&hellip;<\/p>","protected":false},"author":11,"featured_media":0,"comment_status":"closed","ping_status":"closed","sticky":false,"template":"","format":"standard","meta":{"ngg_post_thumbnail":0,"_jetpack_memberships_contains_paid_content":false,"wds_primary_category":0,"footnotes":""},"categories":[1],"tags":[],"class_list":["post-927","post","type-post","status-publish","format-standard","hentry","category-allgemein","wpcat-1-id"],"jetpack_featured_media_url":"","jetpack_sharing_enabled":true,"_links":{"self":[{"href":"https:\/\/www.offene-buehne-dresden.de\/cs\/wp-json\/wp\/v2\/posts\/927","targetHints":{"allow":["GET"]}}],"collection":[{"href":"https:\/\/www.offene-buehne-dresden.de\/cs\/wp-json\/wp\/v2\/posts"}],"about":[{"href":"https:\/\/www.offene-buehne-dresden.de\/cs\/wp-json\/wp\/v2\/types\/post"}],"author":[{"embeddable":true,"href":"https:\/\/www.offene-buehne-dresden.de\/cs\/wp-json\/wp\/v2\/users\/11"}],"replies":[{"embeddable":true,"href":"https:\/\/www.offene-buehne-dresden.de\/cs\/wp-json\/wp\/v2\/comments?post=927"}],"version-history":[{"count":1,"href":"https:\/\/www.offene-buehne-dresden.de\/cs\/wp-json\/wp\/v2\/posts\/927\/revisions"}],"predecessor-version":[{"id":5908,"href":"https:\/\/www.offene-buehne-dresden.de\/cs\/wp-json\/wp\/v2\/posts\/927\/revisions\/5908"}],"wp:attachment":[{"href":"https:\/\/www.offene-buehne-dresden.de\/cs\/wp-json\/wp\/v2\/media?parent=927"}],"wp:term":[{"taxonomy":"category","embeddable":true,"href":"https:\/\/www.offene-buehne-dresden.de\/cs\/wp-json\/wp\/v2\/categories?post=927"},{"taxonomy":"post_tag","embeddable":true,"href":"https:\/\/www.offene-buehne-dresden.de\/cs\/wp-json\/wp\/v2\/tags?post=927"}],"curies":[{"name":"wp","href":"https:\/\/api.w.org\/{rel}","templated":true}]}}