{"id":895,"date":"2011-07-29T15:05:44","date_gmt":"2011-07-29T13:05:44","guid":{"rendered":"http:\/\/www.offene-buehne-dresden.de\/?p=895"},"modified":"2019-08-17T19:09:19","modified_gmt":"2019-08-17T18:09:19","slug":"im-juli-offene-sommerpause-nachste-offene-buhne-28-august","status":"publish","type":"post","link":"https:\/\/www.offene-buehne-dresden.de\/cs\/im-juli-offene-sommerpause-nachste-offene-buhne-28-august\/","title":{"rendered":"<p>Letn\u00ed p\u0159est\u00e1vka otev\u0159ena v \u010dervenci \u2013 dal\u0161\u00ed otev\u0159en\u00e1 etapa 28. srpna<\/p>"},"content":{"rendered":"<p>V\u00e1\u017een\u00ed lid\u00e9,<p>tuto posledn\u00ed \u010dervencovou ned\u011bli, jak bylo ozn\u00e1meno, je na\u0161e akce v\u00fdjime\u010dn\u011b ofici\u00e1ln\u011b p\u0159eru\u0161ena.\u00a0\u00a0\u00a0\u00a0\u00a0\u00a0\u00a0\u00a0\u00a0\u00a0\u00a0\u00a0\u00a0\u00a0\u00a0\u00a0\u00a0\u00a0\u00a0\u00a0\u00a0\u00a0\u00a0\u00a0\u00a0\u00a0\u00a0\u00a0\u00a0\u00a0\u00a0\u00a0\u00a0\u00a0\u00a0\u00a0 A\u010dkoli n\u011bkte\u0159\u00ed p\u0159\u00e1tel\u00e9 by cht\u011bli sed\u011bt na Elbwiese v Albertbr\u00fccke v ned\u011bli ve\u010der v p\u0159\u00edpad\u011b mo\u017en\u00e9ho st\u00e1le p\u011bkn\u00e9ho po\u010das\u00ed, aby se \u0159\u00eddili ur\u010ditou tradic\u00ed, relaxovali t\u00edm, \u017ee si budou hr\u00e1t nebo ps\u00e1t, ale to z\u00e1vis\u00ed na zm\u00edn\u011bn\u00fdch otazn\u00edc\u00edch.<\/p><p>V ned\u011bli 28. srpna se vr\u00e1t\u00edme do legend\u00e1rn\u00ed Modr\u00e9 tov\u00e1rny. Po\u017eadavky na v\u00fdkon jsou s radost\u00ed p\u0159ij\u00edm\u00e1ny, k tomuto datu je na jevi\u0161ti st\u00e1le hodn\u011b P l a t z.&nbsp;&nbsp;<\/p><p>K\u0159\u00ed\u017eov\u00e9 odkazy: Rozs\u00e1hl\u00e1 jevi\u0161tn\u00ed literatura, tak\u00e9 s tv\u00e1\u0159emi, kter\u00e9 zn\u00e1me z Open Stage, je k dispozici v sobotu 30.<\/p><p>Krom\u011b toho n\u00e1\u0161 p\u0159\u00edtel, mal\u00ed\u0159 a texta\u0159 Cristopher Simpson po\u0159\u00e1d\u00e1 ve stejn\u00fd den v Sch\u00fctzenhaus Wehlen mezin\u00e1rodn\u00ed um\u011bleckou p\u00e1rty pod heslem: \u201eUm\u011bn\u00ed, klob\u00e1sa, pivo \u2013 ve\u010d\u00edrek\u201c (viz stejnojmenn\u00e1 facebookov\u00e1 str\u00e1nka) . Tentokr\u00e1t jako tip na kulturn\u00ed v\u00fdlet<\/p><p>Uvid\u00edme se brzy a kr\u00e1sn\u00e9 letn\u00ed dny&nbsp;&nbsp;&nbsp;&nbsp;&nbsp;&nbsp;&nbsp;&nbsp;&nbsp;&nbsp;&nbsp;&nbsp;&nbsp;&nbsp;&nbsp;&nbsp;&nbsp;&nbsp;&nbsp;&nbsp;&nbsp;&nbsp;&nbsp;&nbsp;&nbsp;&nbsp;&nbsp;&nbsp;&nbsp;&nbsp;&nbsp;&nbsp;&nbsp;&nbsp;&nbsp;&nbsp;&nbsp;&nbsp;&nbsp;&nbsp;&nbsp;&nbsp;&nbsp;&nbsp;&nbsp;&nbsp;&nbsp;&nbsp;&nbsp;&nbsp;&nbsp;&nbsp;&nbsp;&nbsp;&nbsp;&nbsp;&nbsp;&nbsp;&nbsp;&nbsp;&nbsp;&nbsp;&nbsp;&nbsp;&nbsp;&nbsp;&nbsp;&nbsp;&nbsp;&nbsp;&nbsp;&nbsp;&nbsp;&nbsp;&nbsp;&nbsp;&nbsp;&nbsp;&nbsp;&nbsp;&nbsp;&nbsp;<\/p><p>&nbsp;<\/p><p>&nbsp;<\/p><p>&nbsp;<\/p><p>&nbsp;<\/p><\/p>","protected":false},"excerpt":{"rendered":"<p>Liebe Leute, diesen letzten Julisonntag&nbsp;pausiert wie angek&uuml;ndigt unserere Veranstaltung ausnahmweislich offiziell.&nbsp;&nbsp;&nbsp;&nbsp;&nbsp;&nbsp;&nbsp;&nbsp;&nbsp;&nbsp;&nbsp;&nbsp;&nbsp;&nbsp;&nbsp;&nbsp;&nbsp;&nbsp;&nbsp;&nbsp;&nbsp;&nbsp;&nbsp;&nbsp;&nbsp;&nbsp;&nbsp;&nbsp;&nbsp;&nbsp;&nbsp;&nbsp;&nbsp;&nbsp;&nbsp;&nbsp; Zwar m&ouml;chten sich einige Freunde bei eventuellen doch noch&hellip;<\/p>","protected":false},"author":11,"featured_media":0,"comment_status":"closed","ping_status":"closed","sticky":false,"template":"","format":"standard","meta":{"ngg_post_thumbnail":0,"_jetpack_memberships_contains_paid_content":false,"wds_primary_category":0,"footnotes":""},"categories":[1],"tags":[],"class_list":["post-895","post","type-post","status-publish","format-standard","hentry","category-allgemein","wpcat-1-id"],"jetpack_featured_media_url":"","jetpack_sharing_enabled":true,"_links":{"self":[{"href":"https:\/\/www.offene-buehne-dresden.de\/cs\/wp-json\/wp\/v2\/posts\/895","targetHints":{"allow":["GET"]}}],"collection":[{"href":"https:\/\/www.offene-buehne-dresden.de\/cs\/wp-json\/wp\/v2\/posts"}],"about":[{"href":"https:\/\/www.offene-buehne-dresden.de\/cs\/wp-json\/wp\/v2\/types\/post"}],"author":[{"embeddable":true,"href":"https:\/\/www.offene-buehne-dresden.de\/cs\/wp-json\/wp\/v2\/users\/11"}],"replies":[{"embeddable":true,"href":"https:\/\/www.offene-buehne-dresden.de\/cs\/wp-json\/wp\/v2\/comments?post=895"}],"version-history":[{"count":1,"href":"https:\/\/www.offene-buehne-dresden.de\/cs\/wp-json\/wp\/v2\/posts\/895\/revisions"}],"predecessor-version":[{"id":5914,"href":"https:\/\/www.offene-buehne-dresden.de\/cs\/wp-json\/wp\/v2\/posts\/895\/revisions\/5914"}],"wp:attachment":[{"href":"https:\/\/www.offene-buehne-dresden.de\/cs\/wp-json\/wp\/v2\/media?parent=895"}],"wp:term":[{"taxonomy":"category","embeddable":true,"href":"https:\/\/www.offene-buehne-dresden.de\/cs\/wp-json\/wp\/v2\/categories?post=895"},{"taxonomy":"post_tag","embeddable":true,"href":"https:\/\/www.offene-buehne-dresden.de\/cs\/wp-json\/wp\/v2\/tags?post=895"}],"curies":[{"name":"wp","href":"https:\/\/api.w.org\/{rel}","templated":true}]}}