{"id":1369,"date":"2013-06-26T09:39:18","date_gmt":"2013-06-26T07:39:18","guid":{"rendered":"http:\/\/www.offene-buehne-dresden.de\/?p=1369"},"modified":"2014-08-16T09:41:00","modified_gmt":"2014-08-16T07:41:00","slug":"immer-wieder-sonntags-in-der-blauen-fabrik","status":"publish","type":"post","link":"https:\/\/www.offene-buehne-dresden.de\/cs\/immer-wieder-sonntags-in-der-blauen-fabrik\/","title":{"rendered":"<p>Znovu a znovu v ned\u011bli, v Modr\u00e9 tov\u00e1rn\u011b!<\/p>"},"content":{"rendered":"<p>Dobr\u00fd den, mil\u00ed p\u0159\u00e1tel\u00e9 otev\u0159en\u00e9ho p\u00f3dia,<p>Stejn\u011b jako na konci ka\u017ed\u00e9ho m\u011bs\u00edce, m\u00e1me pro v\u00e1s hodn\u011b na sklad\u011b. Tentokr\u00e1t s r\u00e1movou p\u00e1skou <a title=\"Kapela TEENETUS\" href=\"https:\/\/de-de.facebook.com\/TEENETUS\">TEENETUS<\/a>, pro jeho\u017e v\u00fdkon m\u016f\u017eeme d\u00e1t p\u0159edtuchu zde!<\/p><p><iframe loading=\"lazy\" src=\"http:\/\/www.youtube.com\/embed\/tjcHud1TqYQ\" width=\"500\" height=\"315\" frameborder=\"0\" allowfullscreen=\"allowfullscreen\"><\/iframe><\/p><p>Krom\u011b toho, jako v\u017edy, nab\u00edz\u00edme \u0161irokou \u0161k\u00e1lu textov\u00e9ho a hudebn\u00edho um\u011bn\u00ed. T\u011b\u0161\u00edme se na v\u00e1s!<\/p><p>Stefan C, Patu, Felix, Marc, Georg a OB<\/p><\/p>","protected":false},"excerpt":{"rendered":"<p>Hallo liebe Freunde der Offenen B&uuml;hne, wie am Ende eines (fast) jeden Monats, haben wir wieder einiges mit euch vor&hellip;.<\/p>","protected":false},"author":3,"featured_media":6043,"comment_status":"closed","ping_status":"closed","sticky":false,"template":"","format":"standard","meta":{"ngg_post_thumbnail":0,"_jetpack_memberships_contains_paid_content":false,"wds_primary_category":0,"footnotes":""},"categories":[1],"tags":[53],"class_list":["post-1369","post","type-post","status-publish","format-standard","has-post-thumbnail","hentry","category-allgemein","tag-teenetus","wpcat-1-id"],"jetpack_featured_media_url":"https:\/\/i0.wp.com\/www.offene-buehne-dresden.de\/wp-content\/uploads\/ngg_featured\/100_4412-scaled.jpg?fit=2560%2C1705&ssl=1","jetpack_sharing_enabled":true,"_links":{"self":[{"href":"https:\/\/www.offene-buehne-dresden.de\/cs\/wp-json\/wp\/v2\/posts\/1369","targetHints":{"allow":["GET"]}}],"collection":[{"href":"https:\/\/www.offene-buehne-dresden.de\/cs\/wp-json\/wp\/v2\/posts"}],"about":[{"href":"https:\/\/www.offene-buehne-dresden.de\/cs\/wp-json\/wp\/v2\/types\/post"}],"author":[{"embeddable":true,"href":"https:\/\/www.offene-buehne-dresden.de\/cs\/wp-json\/wp\/v2\/users\/3"}],"replies":[{"embeddable":true,"href":"https:\/\/www.offene-buehne-dresden.de\/cs\/wp-json\/wp\/v2\/comments?post=1369"}],"version-history":[{"count":2,"href":"https:\/\/www.offene-buehne-dresden.de\/cs\/wp-json\/wp\/v2\/posts\/1369\/revisions"}],"predecessor-version":[{"id":6044,"href":"https:\/\/www.offene-buehne-dresden.de\/cs\/wp-json\/wp\/v2\/posts\/1369\/revisions\/6044"}],"wp:featuredmedia":[{"embeddable":true,"href":"https:\/\/www.offene-buehne-dresden.de\/cs\/wp-json\/wp\/v2\/media\/6043"}],"wp:attachment":[{"href":"https:\/\/www.offene-buehne-dresden.de\/cs\/wp-json\/wp\/v2\/media?parent=1369"}],"wp:term":[{"taxonomy":"category","embeddable":true,"href":"https:\/\/www.offene-buehne-dresden.de\/cs\/wp-json\/wp\/v2\/categories?post=1369"},{"taxonomy":"post_tag","embeddable":true,"href":"https:\/\/www.offene-buehne-dresden.de\/cs\/wp-json\/wp\/v2\/tags?post=1369"}],"curies":[{"name":"wp","href":"https:\/\/api.w.org\/{rel}","templated":true}]}}