{"id":12831,"date":"2020-02-10T15:01:04","date_gmt":"2020-02-10T14:01:04","guid":{"rendered":"https:\/\/www.offene-buehne-dresden.de\/?p=12831"},"modified":"2020-02-23T05:03:45","modified_gmt":"2020-02-23T04:03:45","slug":"januar-2020","status":"publish","type":"post","link":"https:\/\/www.offene-buehne-dresden.de\/cs\/januar-2020\/","title":{"rendered":"<p>ledna 2020<\/p>"},"content":{"rendered":"<p>26. leden byl pro n\u00e1s tak\u00e9 za\u010d\u00e1tkem nov\u00e9ho roku. Kv\u016fli nemoci s mnoha zru\u0161en\u00edmi, ale p\u0159esto to byl p\u0159\u00edjemn\u00fd ve\u010der.<p>Na p\u00f3diu byly:<\/p><ul>\n<li>Christian Perle \u2013 styl prstu na sv\u00e9 kyta\u0159e<\/li>\n<li>KaSCo \u2013 s histori\u00ed prostoru, \u010dasu a pen\u011bz<\/li>\n<li>Ferdinand Saalbach \u2013 se dv\u011bma autorsk\u00fdmi skladbami na klav\u00edr<\/li>\n<li>Mathias Lingott \u2013 p\u0159inesl n\u00e1dech poezie<\/li>\n<li>Thomas \u2013 vyt\u00e1hl ze sv\u00e9 kytary klasick\u00e9 skladby<\/li>\n<li>Alexander Fritz \u2013 \u0159ekl n\u00e1m, co by se mohlo st\u00e1t v auto\u0161kole.<\/li>\n<li>Evy Heart \u2013 s p\u0159\u00edb\u011bhem z Berl\u00edna a o n\u011bm<\/li>\n<li>Kin \u2013 s nov\u00fdmi p\u00edsn\u011bmi&nbsp;<\/li>\n<\/ul><p>Um\u00edrn\u011bnost jako v\u017edy Evy Heart.<\/p><p>D\u011bkujeme v\u0161em \u00fa\u010dastn\u00edk\u016fm, div\u00e1k\u016fm a orze!<\/p><p>\nngg_shortcode_0_placeholder\n<\/p><\/p>","protected":false},"excerpt":{"rendered":"<p>Am 26. Januar begann auch f&uuml;r uns das neue Jahr. Krankheitsbedingt mit vielen Absagen, aber trotzdem wurde es ein sch&ouml;ner&hellip;<\/p>","protected":false},"author":11,"featured_media":12833,"comment_status":"closed","ping_status":"closed","sticky":false,"template":"","format":"standard","meta":{"ngg_post_thumbnail":0,"_jetpack_memberships_contains_paid_content":false,"wds_primary_category":0,"footnotes":""},"categories":[148],"tags":[],"class_list":["post-12831","post","type-post","status-publish","format-standard","has-post-thumbnail","hentry","category-januar-2020","wpcat-148-id"],"jetpack_featured_media_url":"https:\/\/i0.wp.com\/www.offene-buehne-dresden.de\/wp-content\/uploads\/2020\/02\/2020_Januar.png?fit=1275%2C847&ssl=1","jetpack_sharing_enabled":true,"_links":{"self":[{"href":"https:\/\/www.offene-buehne-dresden.de\/cs\/wp-json\/wp\/v2\/posts\/12831","targetHints":{"allow":["GET"]}}],"collection":[{"href":"https:\/\/www.offene-buehne-dresden.de\/cs\/wp-json\/wp\/v2\/posts"}],"about":[{"href":"https:\/\/www.offene-buehne-dresden.de\/cs\/wp-json\/wp\/v2\/types\/post"}],"author":[{"embeddable":true,"href":"https:\/\/www.offene-buehne-dresden.de\/cs\/wp-json\/wp\/v2\/users\/11"}],"replies":[{"embeddable":true,"href":"https:\/\/www.offene-buehne-dresden.de\/cs\/wp-json\/wp\/v2\/comments?post=12831"}],"version-history":[{"count":3,"href":"https:\/\/www.offene-buehne-dresden.de\/cs\/wp-json\/wp\/v2\/posts\/12831\/revisions"}],"predecessor-version":[{"id":12846,"href":"https:\/\/www.offene-buehne-dresden.de\/cs\/wp-json\/wp\/v2\/posts\/12831\/revisions\/12846"}],"wp:featuredmedia":[{"embeddable":true,"href":"https:\/\/www.offene-buehne-dresden.de\/cs\/wp-json\/wp\/v2\/media\/12833"}],"wp:attachment":[{"href":"https:\/\/www.offene-buehne-dresden.de\/cs\/wp-json\/wp\/v2\/media?parent=12831"}],"wp:term":[{"taxonomy":"category","embeddable":true,"href":"https:\/\/www.offene-buehne-dresden.de\/cs\/wp-json\/wp\/v2\/categories?post=12831"},{"taxonomy":"post_tag","embeddable":true,"href":"https:\/\/www.offene-buehne-dresden.de\/cs\/wp-json\/wp\/v2\/tags?post=12831"}],"curies":[{"name":"wp","href":"https:\/\/api.w.org\/{rel}","templated":true}]}}