{"id":1282,"date":"2013-04-14T12:41:29","date_gmt":"2013-04-14T10:41:29","guid":{"rendered":"http:\/\/www.offene-buehne-dresden.de\/?p=1282"},"modified":"2014-08-16T09:47:40","modified_gmt":"2014-08-16T07:47:40","slug":"ruckblick-auf-die-osterbuhne","status":"publish","type":"post","link":"https:\/\/www.offene-buehne-dresden.de\/cs\/ruckblick-auf-die-osterbuhne\/","title":{"rendered":"<p>Pohled zp\u011bt na velikono\u010dn\u00ed jevi\u0161t\u011b<\/p>"},"content":{"rendered":"<p>\u010c\u00e1st 1:<p>Horsk\u00e1 st\u0159edn\u00ed \/ Nathaniel Nansen \/ Philipp a Alexander \/ Sylvia nedokon\u010den\u00e1 \/ Kay Hempel \/ Friedemann Ludwig \/ Harry &amp; P\u0159\u00e1tel\u00e9<\/p><p>\u010c\u00e1st 2 po p\u0159est\u00e1vce:<\/p><p>DJ Flexibiln\u00ed (Experimental Music &amp; Video) \/ Die Lautenschl\u00e4ger \/ Stephen Blaubach \/ Deux Femmes \/ Charles Cherry \/ Steffen Haas \/ Anni Lux \/ Magnus Mond \/ Florian Hohmann \/ Mountain High<\/p><p>V\u0161em moc d\u011bkujeme a to a\u017e do 28. dubna!<\/p><\/p>","protected":false},"excerpt":{"rendered":"<p>1. Teil: Mountain High \/ Nathaniel Nansen \/ Philipp und Alexander \/ Sylvia die Unvollendete&nbsp; \/ Kay Hempel \/ Friedemann&hellip;<\/p>","protected":false},"author":3,"featured_media":6055,"comment_status":"closed","ping_status":"closed","sticky":false,"template":"","format":"standard","meta":{"ngg_post_thumbnail":0,"_jetpack_memberships_contains_paid_content":false,"wds_primary_category":0,"footnotes":""},"categories":[1],"tags":[80,43],"class_list":["post-1282","post","type-post","status-publish","format-standard","has-post-thumbnail","hentry","category-allgemein","tag-offene-buhne-dresden","tag-osterbuhne","wpcat-1-id"],"jetpack_featured_media_url":"https:\/\/i0.wp.com\/www.offene-buehne-dresden.de\/wp-content\/uploads\/ngg_featured\/dsc_8212.jpg?fit=1280%2C848&ssl=1","jetpack_sharing_enabled":true,"_links":{"self":[{"href":"https:\/\/www.offene-buehne-dresden.de\/cs\/wp-json\/wp\/v2\/posts\/1282","targetHints":{"allow":["GET"]}}],"collection":[{"href":"https:\/\/www.offene-buehne-dresden.de\/cs\/wp-json\/wp\/v2\/posts"}],"about":[{"href":"https:\/\/www.offene-buehne-dresden.de\/cs\/wp-json\/wp\/v2\/types\/post"}],"author":[{"embeddable":true,"href":"https:\/\/www.offene-buehne-dresden.de\/cs\/wp-json\/wp\/v2\/users\/3"}],"replies":[{"embeddable":true,"href":"https:\/\/www.offene-buehne-dresden.de\/cs\/wp-json\/wp\/v2\/comments?post=1282"}],"version-history":[{"count":1,"href":"https:\/\/www.offene-buehne-dresden.de\/cs\/wp-json\/wp\/v2\/posts\/1282\/revisions"}],"predecessor-version":[{"id":5861,"href":"https:\/\/www.offene-buehne-dresden.de\/cs\/wp-json\/wp\/v2\/posts\/1282\/revisions\/5861"}],"wp:featuredmedia":[{"embeddable":true,"href":"https:\/\/www.offene-buehne-dresden.de\/cs\/wp-json\/wp\/v2\/media\/6055"}],"wp:attachment":[{"href":"https:\/\/www.offene-buehne-dresden.de\/cs\/wp-json\/wp\/v2\/media?parent=1282"}],"wp:term":[{"taxonomy":"category","embeddable":true,"href":"https:\/\/www.offene-buehne-dresden.de\/cs\/wp-json\/wp\/v2\/categories?post=1282"},{"taxonomy":"post_tag","embeddable":true,"href":"https:\/\/www.offene-buehne-dresden.de\/cs\/wp-json\/wp\/v2\/tags?post=1282"}],"curies":[{"name":"wp","href":"https:\/\/api.w.org\/{rel}","templated":true}]}}